{"id":9897,"date":"2022-06-08T13:38:05","date_gmt":"2022-06-08T13:38:05","guid":{"rendered":"https:\/\/petinya.org\/blog\/?p=9897"},"modified":"2022-06-08T13:38:05","modified_gmt":"2022-06-08T13:38:05","slug":"mukremin-gezgin-hakkinda-tum-detaylar","status":"publish","type":"post","link":"https:\/\/petinya.org\/blog\/mukremin-gezgin-hakkinda-tum-detaylar\/","title":{"rendered":"M\u00fckremin Gezgin Hakk\u0131nda T\u00fcm Detaylar"},"content":{"rendered":"<p>M\u00fckremin Gezgin, zengin i\u00e7erikli videolar\u0131 ile gen\u00e7 kesimin ilgi duydu\u011fu <a href=\"https:\/\/petinya.org\/blog\/tiktok-ile-para-nasil-kazanilir-2022-guncel\/\">Tiktok<\/a> uygulamas\u0131nda fenomen hale gelmi\u015ftir.<\/p>\n<p><strong>M\u00fckremin Gezgin kimdir? M\u00fckremin Gezgin ka\u00e7 ya\u015f\u0131ndad\u0131r? M\u00fckremin Gezgin cinsiyeti nedir? M\u00fckremin Gezgin evli midir? <\/strong><\/p>\n<p>T\u00fcm Bu Sorular\u0131n Yan\u0131t\u0131n\u0131 A\u015fa\u011f\u0131da Bulacaks\u0131n\u0131z<\/p>\n<h2>M\u00fckremin Gezgin Hakk\u0131nda<\/h2>\n<ul>\n<li><strong>M\u00fckremin Gezgin kimdir?<\/strong> <a href=\"https:\/\/modabiye.com\/mukremin-gezgin-kimdir\" target=\"_blank\" rel=\"noopener\">M\u00fckremin Gezgin<\/a> 4 Nisan 1998 , Ankara do\u011fumludur<\/li>\n<li><strong>M\u00fckremin Gezgin ka\u00e7 ya\u015f\u0131nda?<\/strong> Sosyal medyada videolar\u0131 viral haline gelen fenomen 23 ya\u015f\u0131ndad\u0131r.<\/li>\n<li><strong>M\u00fckremin Gezgin aslen nereli?<\/strong> Payla\u015f\u0131mlar\u0131 ile dikkat \u00e7eken M\u00fckremin Gezgin do\u011fma b\u00fcy\u00fcme Ankaral\u0131d\u0131r.<\/li>\n<li><strong>M\u00fckremin Gezgin hangi bur\u00e7?<\/strong> Nisan ay\u0131n\u0131n 8. g\u00fcn\u00fcnde do\u011fan fenomen Ko\u00e7 burcudur.<\/li>\n<li><strong>M\u00fckremin Gezgin\u2019in boyu?<\/strong> Ba\u015far\u0131l\u0131 Tiktoker 1.72 boyundad\u0131r.<\/li>\n<li><strong>M\u00fckremin Gezgin\u2019in kilosu?<\/strong> 65 kiloya sahip oldu\u011fu yaz\u0131l\u0131p \u00e7izilienler aras\u0131nda.<\/li>\n<li><strong>M\u00fckremin Gezgin evlendi mi?<\/strong> Evli de\u011fil<\/li>\n<li><strong>M\u00fckremin Gezgin kiminle evlendi?<\/strong> Payla\u015ft\u0131\u011f\u0131 d\u00fc\u011f\u00fcn videolar\u0131nda s\u00fcrekli farkl\u0131 ki\u015filer kulland\u0131\u011f\u0131 i\u00e7in kocas\u0131n\u0131n kim oldu\u011fu hatta olup olmad\u0131\u011f\u0131 hala bir s\u0131r olarak saklan\u0131yor.<\/li>\n<li><strong>M\u00fckremin Gezgin bo\u015fand\u0131:<\/strong> Ge\u00e7ti\u011fimiz aylarda bo\u015fand\u0131m diyerek video payla\u015fan ve videoda a\u011flayan fenomenin bo\u015fan\u0131p bo\u015fanmad\u0131\u011f\u0131 bilgisine ula\u015f\u0131lamamaktad\u0131r.<\/li>\n<li><strong>M\u00fckremin Gezgin kocas\u0131:<\/strong> Gezgin payla\u015ft\u0131\u011f\u0131 d\u00fc\u011f\u00fcn videolar\u0131nda s\u00fcrekli farkl\u0131 ki\u015filer kulland\u0131\u011f\u0131 i\u00e7in kocas\u0131n\u0131n kim oldu\u011fu hatta olup olmad\u0131\u011f\u0131 hala bir s\u0131r olarak saklan\u0131yor.<\/li>\n<li><strong>M\u00fckremin Gezgin ailesi:<\/strong> Ailesi hakk\u0131nda detayl\u0131 bilgi vermeyen fenomenin videolar\u0131nda yaln\u0131zca annesini g\u00f6r\u00fcyoruz.<\/li>\n<li><strong>M\u00fckremin Gezgin annesi:<\/strong> Payla\u015ft\u0131\u011f\u0131 videolarda ara s\u0131ra annesini de g\u00f6steren fenomen Gezgin\u2019in annesi ile pek anla\u015famad\u0131\u011f\u0131n\u0131 payla\u015ft\u0131\u011f\u0131 videolardan anlayabiliyoruz.<\/li>\n<li><strong>M\u00fckremin Gezgin babas\u0131:<\/strong> Ba\u015far\u0131l\u0131 fenomen cinsel y\u00f6nelimi nedeniyle babas\u0131 ile uzun s\u00fcredir g\u00f6r\u00fc\u015fmedi\u011fini ve aralar\u0131n\u0131n bozuk oldu\u011funu belirtmi\u015ftir.<\/li>\n<li><strong>M\u00fckremin Gezgin mesle\u011fi ne?<\/strong> Sosyal medya platformlar\u0131nda olduk\u00e7a aktif olan <a href=\"https:\/\/modabiye.com\/mukremin-gezgin-kimdir\" target=\"_blank\" rel=\"noopener\">M\u00fckremin Gezgin<\/a> Tiktoker ve sosyal medya fenomenidir.<\/li>\n<li><strong>M\u00fckremin Gezgin kazanc\u0131 ne kadar?<\/strong> Yapt\u0131\u011f\u0131 a\u00e7\u0131klamalarda \u00fcnl\u00fc fenomen ayl\u0131k olarak 100-150 bin T\u00fcrk liras\u0131 kazanabildi\u011fini a\u00e7\u0131klad\u0131.<\/li>\n<li><strong>M\u00fckremin Gezgin cinsiyet:<\/strong> Biyolojik olarak cinsiyeti erkek.<\/li>\n<li><strong>M\u00fckremin Gezgin do\u011fum yeri:<\/strong> Ba\u015far\u0131l\u0131 sosyal medya fenomeni Ankara do\u011fumludur.<\/li>\n<li><strong>M\u00fckremin Gezgin do\u011fum tarihi:<\/strong> \u015euan 23 ya\u015f\u0131nda olan fenomen 8 Nisan 1998 y\u0131l\u0131nda d\u00fcnyaya gelmi\u015ftir.<\/li>\n<li><strong>M\u00fckremin Gezgin kad\u0131n m\u0131?<\/strong> Makyaj yapmay\u0131 seven ve \u00e7o\u011fu zaman kad\u0131n k\u0131yafetleri giyen fenomen bu konu hakk\u0131nda Dilara Ka\u00e7maz\u2019\u0131n sorular\u0131na yan\u0131t vermi\u015ftir.<\/li>\n<li><strong>M\u00fckremin Gezgin erkek mi?<\/strong> Biyolojik olarak cinsiyeti erkektir.<\/li>\n<li><strong>M\u00fckremin Gezgin \u00f6ld\u00fc m\u00fc?<\/strong> Bir d\u00f6nem sosyal medyaya ara veren fenomen hakk\u0131nda ortaya at\u0131lan iddialar as\u0131ls\u0131zd\u0131r ve \u015fuan hayattad\u0131r.<\/li>\n<li><strong>M\u00fckremin Gezgin telefon numaras\u0131:<\/strong> \u00dcnl\u00fc fenomeninin telefon numaras\u0131 ve ev adresi hakk\u0131ndaki bilgiler payla\u015f\u0131lmamaktad\u0131r.Hi\u00e7bir yerde bu bilgilere ula\u015f\u0131lmamaktad\u0131r.<\/li>\n<\/ul>\n<p><strong>M\u00fckremin Gezgin sosyal medya hesaplar\u0131<\/strong><br \/>\nM\u00fckremin Gezgin <a href=\"https:\/\/www.instagram.com\/mukremin_gezgin\/\" rel=\"noopener\">\u0130nstagram<\/a><br \/>\nM\u00fckremin Gezgin <a href=\"https:\/\/www.youtube.com\/channel\/UCZboCb9vvZQ1OPOynbL55OQ\" rel=\"noopener\">Youtube<\/a><br \/>\nM\u00fckremin Gezgin <a href=\"https:\/\/www.tiktok.com\/@mukremingezgin\" target=\"_blank\" rel=\"noopener\">Tiktok<\/a><\/p>\n<p>M\u00fckremin Gezgin Hakk\u0131nda Daha Fazla Bilgiye Bu Ba\u011flant\u0131 \u00dczerinden Ula\u015fabilirsiniz.\u00a0 <a href=\"https:\/\/modabiye.com\/mukremin-gezgin-kimdir\" target=\"_blank\" rel=\"noopener\"><strong>M\u00fckremin Gezgin<\/strong><\/a><\/p>\n","protected":false},"excerpt":{"rendered":"<p>M\u00fckremin Gezgin, zengin i\u00e7erikli videolar\u0131 ile gen\u00e7 kesimin ilgi duydu\u011fu Tiktok uygulamas\u0131nda fenomen hale gelmi\u015ftir. M\u00fckremin Gezgin kimdir? M\u00fckremin Gezgin ka\u00e7 ya\u015f\u0131ndad\u0131r? M\u00fckremin Gezgin cinsiyeti nedir? M\u00fckremin Gezgin evli midir? T\u00fcm Bu Sorular\u0131n &#8230; <\/p>\n<p class=\"read-more-container\"><a title=\"M\u00fckremin Gezgin Hakk\u0131nda T\u00fcm Detaylar\" class=\"read-more button\" href=\"https:\/\/petinya.org\/blog\/mukremin-gezgin-hakkinda-tum-detaylar\/#more-9897\" aria-label=\"Read more about M\u00fckremin Gezgin Hakk\u0131nda T\u00fcm Detaylar\">Devam\u0131n\u0131 Oku<\/a><\/p>\n","protected":false},"author":1,"featured_media":9898,"comment_status":"closed","ping_status":"closed","sticky":false,"template":"","format":"standard","meta":{"footnotes":""},"categories":[1],"tags":[],"class_list":["post-9897","post","type-post","status-publish","format-standard","has-post-thumbnail","hentry","category-genel"],"views":538,"_links":{"self":[{"href":"https:\/\/petinya.org\/blog\/wp-json\/wp\/v2\/posts\/9897","targetHints":{"allow":["GET"]}}],"collection":[{"href":"https:\/\/petinya.org\/blog\/wp-json\/wp\/v2\/posts"}],"about":[{"href":"https:\/\/petinya.org\/blog\/wp-json\/wp\/v2\/types\/post"}],"author":[{"embeddable":true,"href":"https:\/\/petinya.org\/blog\/wp-json\/wp\/v2\/users\/1"}],"replies":[{"embeddable":true,"href":"https:\/\/petinya.org\/blog\/wp-json\/wp\/v2\/comments?post=9897"}],"version-history":[{"count":0,"href":"https:\/\/petinya.org\/blog\/wp-json\/wp\/v2\/posts\/9897\/revisions"}],"wp:featuredmedia":[{"embeddable":true,"href":"https:\/\/petinya.org\/blog\/wp-json\/wp\/v2\/media\/9898"}],"wp:attachment":[{"href":"https:\/\/petinya.org\/blog\/wp-json\/wp\/v2\/media?parent=9897"}],"wp:term":[{"taxonomy":"category","embeddable":true,"href":"https:\/\/petinya.org\/blog\/wp-json\/wp\/v2\/categories?post=9897"},{"taxonomy":"post_tag","embeddable":true,"href":"https:\/\/petinya.org\/blog\/wp-json\/wp\/v2\/tags?post=9897"}],"curies":[{"name":"wp","href":"https:\/\/api.w.org\/{rel}","templated":true}]}}