{"id":9018,"date":"2022-03-07T21:26:00","date_gmt":"2022-03-07T18:26:00","guid":{"rendered":"https:\/\/petinya.org\/blog\/?p=9018"},"modified":"2022-03-07T21:26:00","modified_gmt":"2022-03-07T18:26:00","slug":"dunyanin-en-iyi-traktor-markasi","status":"publish","type":"post","link":"https:\/\/petinya.org\/blog\/dunyanin-en-iyi-traktor-markasi\/","title":{"rendered":"D\u00fcnyan\u0131n En \u0130yi Trakt\u00f6r Markas\u0131 S\u0131ralamas\u0131 2023"},"content":{"rendered":"<p>Tar\u0131m ve in\u015faat sekt\u00f6r\u00fcnde trakt\u00f6rler olduk\u00e7a \u00f6nemli ara\u00e7lard\u0131r. Ula\u015f\u0131m arac\u0131 olmas\u0131n\u0131n yan\u0131nda i\u015f yapabilme kapasitesi son derece y\u00fcksek olan bu ara\u00e7lar, yerli ve yabanc\u0131 markalar taraf\u0131ndan \u00fcretilir. \u00d6zellikle tarlalarda topra\u011f\u0131 s\u00fcrmek ve havaland\u0131rmak i\u00e7in kullan\u0131lan trakt\u00f6rler \u00fcr\u00fcn ta\u015f\u0131mac\u0131l\u0131\u011f\u0131nda da olduk\u00e7a \u00f6nemli bir yere sahiptir. Bu sebeple en iyi trakt\u00f6r markas\u0131 s\u0131ralamas\u0131 olduk\u00e7a ara\u015ft\u0131r\u0131lan konular aras\u0131ndad\u0131r.<\/p>\n<p>Ekstra aparatlar tak\u0131larak trakt\u00f6r\u00fcn \u00f6n ve arka \u00e7ekme g\u00fcc\u00fc olduk\u00e7a y\u00fcksek bir kapasiteye getirilebilir. Bu nedenle bir\u00e7ok \u00e7ift\u00e7i trakt\u00f6r sat\u0131n almak istediklerinde \u00f6nemli kriterleri g\u00f6z \u00f6n\u00fcnde bulundurmal\u0131d\u0131rlar. D\u00fcnyada bir\u00e7ok farkl\u0131 <strong>trakt\u00f6r markas\u0131<\/strong> olmas\u0131na kar\u015f\u0131n her trakt\u00f6r markas\u0131 ayn\u0131 kapasiteye g\u00f6stermeyebilir.<\/p>\n<p>Arazinin izin ta\u015fl\u0131k durumu veya bu trakt\u00f6r\u00fc kullanaca\u011f\u0131n\u0131z yerin e\u011fimli gibi konular trakt\u00f6r se\u00e7imlerinde olduk\u00e7a etkili olan konulard\u0131r. Se\u00e7imlerinizi yaparken mutlaka <strong>d\u00fcnyadaki en iyi trakt\u00f6r markas\u0131 s\u0131ralamas\u0131<\/strong> g\u00f6z \u00f6n\u00fcnde bulundurulmal\u0131d\u0131r.<\/p>\n<h2><strong>New Holland Trakt\u00f6r Markas\u0131<\/strong><\/h2>\n<p><strong><img loading=\"lazy\" decoding=\"async\" class=\"aligncenter wp-image-9024 size-full\" src=\"https:\/\/petinya.org\/blog\/wp-content\/uploads\/2022\/03\/new-holland-traktor-scaled-1.jpg\" alt=\"Bu g\u00f6rselin i\u00e7eri\u011fi en iyi trakt\u00f6r markas\u0131, d\u00fcnyan\u0131n en iyi trakt\u00f6r markas\u0131 siralamasi, d\u00fcnyan\u0131n en iyi trakt\u00f6r markas\u0131 s\u0131ralamas\u0131, en iyi trakt\u00f6r markalar\u0131, d\u00fcnyan\u0131n en iyi trakt\u00f6r markalar\u0131, en iyi trakt\u00f6r hangi marka, d\u00fcnyan\u0131n en iyi trakt\u00f6r markalar\u0131 s\u0131ralamas\u0131 konular\u0131 ile ilgilidir.\" width=\"2560\" height=\"1920\" srcset=\"https:\/\/petinya.org\/blog\/wp-content\/uploads\/2022\/03\/new-holland-traktor-scaled-1.jpg 2560w, https:\/\/petinya.org\/blog\/wp-content\/uploads\/2022\/03\/new-holland-traktor-scaled-1-768x576.jpg 768w, https:\/\/petinya.org\/blog\/wp-content\/uploads\/2022\/03\/new-holland-traktor-scaled-1-1536x1152.jpg 1536w, https:\/\/petinya.org\/blog\/wp-content\/uploads\/2022\/03\/new-holland-traktor-scaled-1-2048x1536.jpg 2048w\" sizes=\"auto, (max-width: 2560px) 100vw, 2560px\" \/><\/strong><\/p>\n<p><strong>T\u00fcrkiye\u2019de en \u00e7ok sat\u0131lan trakt\u00f6r markalar\u0131<\/strong> i\u00e7erisinde New Holland olduk\u00e7a avantajl\u0131 ara\u00e7lar aras\u0131nda yer al\u0131yor. Hem estetik bir duru\u015fa sahip olmas\u0131 hem de farkl\u0131 zirai \u00f6zellikleri ile son derece y\u00fcksek standartlarda bir trakt\u00f6rd\u00fcr. Bi\u00e7erd\u00f6ver, tohum ekme, hasat makineleri gibi bir\u00e7ok arac\u0131n \u00fcretimini de yapan firma trakt\u00f6r konusunda \u00fcst\u00fcn niteliklerde \u00fcretim ger\u00e7ekle\u015ftirmektedir.<\/p>\n<p>Geli\u015fmi\u015f bir teknoloji ile \u00fcretim yapan firma 1895 senesinde ABD\u2019de kurulmu\u015ftur. Marka daha sonra 1991 senesinde \u0130talyan bir firma olan Fiat taraf\u0131ndan sat\u0131n al\u0131nm\u0131\u015f ve faaliyetlerine bu firma alt\u0131nda devam etmi\u015ftir. G\u00fcn\u00fcm\u00fczde de yine ayn\u0131 firman\u0131n ad\u0131 alt\u0131nda \u00fcretimlerine devam etmektedir. Tar\u0131m\u0131n son derece yayg\u0131n olarak yap\u0131ld\u0131\u011f\u0131 yerlerde tesis ve sat\u0131\u015f noktalar\u0131n\u0131 kurarak son derece geni\u015f standartlarda kullan\u0131c\u0131 kapasitesine kavu\u015fmu\u015f durumdad\u0131r.<\/p>\n<p>Dayan\u0131kl\u0131 \u00fcr\u00fcnleri olan <span style=\"color: #0000ff;\"><strong><a style=\"color: #0000ff;\" href=\"https:\/\/www.newholland.com.tr\/\" rel=\"noopener\">New Holland<\/a><\/strong><\/span> bir\u00e7ok arazi sahibi taraf\u0131ndan kullan\u0131lmaktad\u0131r. Ara\u00e7larda bulunan ABS s\u00fcper y\u00f6nlendirme sistemleri tercih edilebilirlik konusunda \u00f6nemli bir yere sahiptir. Markan\u0131n b\u00fcnyesinde \u00e7e\u015fitli \u00e7eki\u015f g\u00fc\u00e7lerine sahip olan bir\u00e7ok trakt\u00f6r modeli daha bulunmaktad\u0131r.<\/p>\n<h2><strong>John Deere Trakt\u00f6rleri<\/strong><\/h2>\n<p><img loading=\"lazy\" decoding=\"async\" class=\"aligncenter wp-image-9025 size-full\" src=\"https:\/\/petinya.org\/blog\/wp-content\/uploads\/2022\/03\/john-deere-traktor.jpeg\" alt=\"Bu g\u00f6rselin i\u00e7eri\u011fi en iyi trakt\u00f6r markas\u0131, d\u00fcnyan\u0131n en iyi trakt\u00f6r markas\u0131 siralamasi, d\u00fcnyan\u0131n en iyi trakt\u00f6r markas\u0131 s\u0131ralamas\u0131, en iyi trakt\u00f6r markalar\u0131, d\u00fcnyan\u0131n en iyi trakt\u00f6r markalar\u0131, en iyi trakt\u00f6r hangi marka, d\u00fcnyan\u0131n en iyi trakt\u00f6r markalar\u0131 s\u0131ralamas\u0131 konular\u0131 ile ilgilidir.\" width=\"1088\" height=\"680\" srcset=\"https:\/\/petinya.org\/blog\/wp-content\/uploads\/2022\/03\/john-deere-traktor.jpeg 1088w, https:\/\/petinya.org\/blog\/wp-content\/uploads\/2022\/03\/john-deere-traktor-768x480.jpeg 768w\" sizes=\"auto, (max-width: 1088px) 100vw, 1088px\" \/><\/p>\n<p>John Deere <strong>eski trakt\u00f6r markalar\u0131<\/strong> aras\u0131nda yer al\u0131yor. Bu trakt\u00f6r modeli ayn\u0131 zamanda son derece y\u00fcksek standartlara sahip bir markad\u0131r. En iyiler aras\u0131nda yer alan markan\u0131n g\u00f6r\u00fcn\u00fc\u015f\u00fc ilk bak\u0131\u015fta markay\u0131 yans\u0131tmaktad\u0131r. Bu trakt\u00f6rler en geli\u015fmi\u015f olan teknolojik \u00f6zelliklere g\u00f6re tasarlanm\u0131\u015ft\u0131r. Zirai alandaki geli\u015fmeleri <a href=\"https:\/\/petinya.org\/blog\/en-iyi-liseler\/\">en iyi<\/a> \u015fekilde takip eden \u00fcreticiler bu yenilikleri trakt\u00f6rlere de yans\u0131tmay\u0131 ba\u015farm\u0131\u015f durumdalar.<\/p>\n<p>\u00c7ok g\u00fc\u00e7l\u00fc bir performansa sahip olan trakt\u00f6r modeli en zorlu ko\u015fullarda dahi rahat \u015fekilde kullan\u0131labilmektedir. <strong><span style=\"color: #008000;\"><a style=\"color: #008000;\" href=\"https:\/\/www.deere.com.tr\/tr\/index.html\" rel=\"noopener\">John Deere<\/a><\/span><\/strong> trakt\u00f6rler tar\u0131m yapmay\u0131 \u00e7ok daha kolay hale getirmekle kalmaz ayn\u0131 zamanda \u00e7ift\u00e7iyi de \u00e7ok fazla yormazlar.<\/p>\n<p>9630T paletli trakt\u00f6r tasar\u0131m\u0131 son d\u00f6nemin en \u00e7ok dikkati \u00e7eken \u00f6zellikleri aras\u0131nda yer al\u0131yor. Trakt\u00f6rler konusunda yeterli bilgiye sahip olan deneyimli \u00e7ift\u00e7iler genelde ilk olarak bu markaya y\u00f6neliyor denilebilir.<\/p>\n<h2><strong>Deutz-Fahr Trakt\u00f6rleri<\/strong><\/h2>\n<p><strong><img loading=\"lazy\" decoding=\"async\" class=\"aligncenter wp-image-9026 \" src=\"https:\/\/petinya.org\/blog\/wp-content\/uploads\/2022\/03\/deutz-fahr-traktor-e1646676421526.jpg\" alt=\"Bu g\u00f6rselin i\u00e7eri\u011fi en iyi trakt\u00f6r markas\u0131, d\u00fcnyan\u0131n en iyi trakt\u00f6r markas\u0131 siralamasi, d\u00fcnyan\u0131n en iyi trakt\u00f6r markas\u0131 s\u0131ralamas\u0131, en iyi trakt\u00f6r markalar\u0131, d\u00fcnyan\u0131n en iyi trakt\u00f6r markalar\u0131, en iyi trakt\u00f6r hangi marka, d\u00fcnyan\u0131n en iyi trakt\u00f6r markalar\u0131 s\u0131ralamas\u0131 konular\u0131 ile ilgilidir.\" width=\"753\" height=\"447\" \/><\/strong><\/p>\n<p><strong>En iyi trakt\u00f6rler<\/strong> aras\u0131nda Alman \u00fcretimi bir model olan <span style=\"color: #008000;\"><strong><a style=\"color: #008000;\" href=\"https:\/\/www.deutz-fahr.com\/tr-tr\/urunler\/tarla\" rel=\"noopener\">Deutz-Fahr<\/a><\/strong><\/span> trakt\u00f6rleri de yer al\u0131yor. Yakla\u015f\u0131k 100 y\u0131ld\u0131r trakt\u00f6r \u00fcretim sekt\u00f6r\u00fcnde yer edinmi\u015f olan markalardan biridir. \u00c7ok y\u00fcksek kalite standartlar\u0131nda bir \u00fcretim ger\u00e7ekle\u015ftirmektedir. Yaln\u0131zca Almanya\u2019da de\u011fil t\u00fcm d\u00fcnyada en be\u011fenilen trakt\u00f6rler aras\u0131nda yer almaktad\u0131r.<\/p>\n<p>Geli\u015fmi\u015f bir teknoloji ile \u00fcretilen bu trakt\u00f6r modelleri kullan\u0131c\u0131 beklentisine en iyi \u015fekilde yan\u0131t vermektedir. Hem g\u00fcvenilir hem de son derece dayan\u0131kl\u0131 olan modellerdir. 130 beygir g\u00fcc\u00fcnde tasarlanan bu trakt\u00f6rler hemen her arazi ko\u015fulunda rahatl\u0131kla kullan\u0131labilirler. <strong>D\u00fcnyan\u0131n en iyi trakt\u00f6r markalar\u0131<\/strong>\u00a0aras\u0131nda yer alan bu ara\u00e7lar s\u00fcr\u00fc\u015f\u00fc kolayla\u015ft\u0131ran bir\u00e7ok fakt\u00f6re sahip denilebilir. Markan\u0131n \u00e7ift\u00e7ilere i\u015f kolayl\u0131\u011f\u0131 sa\u011flamas\u0131 tercih edilebilirli\u011fini art\u0131ran unsurlar aras\u0131nda yer al\u0131yor.<\/p>\n<h2><strong>T\u00fcrk Trakt\u00f6r Markas\u0131<\/strong><\/h2>\n<p><img loading=\"lazy\" decoding=\"async\" class=\"aligncenter wp-image-9027 size-full\" src=\"https:\/\/petinya.org\/blog\/wp-content\/uploads\/2022\/03\/turk-traktor.jpg\" alt=\"Bu g\u00f6rselin i\u00e7eri\u011fi en iyi trakt\u00f6r markas\u0131, d\u00fcnyan\u0131n en iyi trakt\u00f6r markas\u0131 siralamasi, d\u00fcnyan\u0131n en iyi trakt\u00f6r markas\u0131 s\u0131ralamas\u0131, en iyi trakt\u00f6r markalar\u0131, d\u00fcnyan\u0131n en iyi trakt\u00f6r markalar\u0131, en iyi trakt\u00f6r hangi marka, d\u00fcnyan\u0131n en iyi trakt\u00f6r markalar\u0131 s\u0131ralamas\u0131 konular\u0131 ile ilgilidir.\" width=\"800\" height=\"600\" srcset=\"https:\/\/petinya.org\/blog\/wp-content\/uploads\/2022\/03\/turk-traktor.jpg 800w, https:\/\/petinya.org\/blog\/wp-content\/uploads\/2022\/03\/turk-traktor-768x576.jpg 768w\" sizes=\"auto, (max-width: 800px) 100vw, 800px\" \/><\/p>\n<p>Ko\u00e7 Holding\u2019e ba\u011fl\u0131 olan T\u00fcrk Trakt\u00f6r beklentileri en iyi \u015fekilde kar\u015f\u0131layan tasar\u0131mlar aras\u0131nda yer al\u0131yor. Firma ilk defa 1953 senesinde kurulmu\u015ftur. \u0130lk kuruldu\u011funda yabanc\u0131 bir ortakla kurulmu\u015ftur. 1979 senesinde ilk ihracat\u0131n\u0131 yapan firma 1998 senesinde \u00fcnl\u00fc trakt\u00f6r \u00fcreticisi olan New Holland ile de bir ortakl\u0131k kurmu\u015ftur. <span style=\"color: #ff0000;\"><strong><a style=\"color: #ff0000;\" href=\"https:\/\/www.turktraktor.com.tr\/\" rel=\"noopener\">T\u00fcrk Trakt\u00f6r<\/a><\/strong><\/span> son derece ba\u015far\u0131l\u0131 ve fonksiyonel trakt\u00f6r modelleri \u00fcretmi\u015ftir.<\/p>\n<p>Hem <span style=\"color: #008080;\"><strong>T\u00fcrkiye<\/strong><\/span> i\u00e7inde hem de d\u00fcnyada olduk\u00e7a fazla sat\u0131\u015f yapan marka g\u00fcn\u00fcm\u00fcz\u00fcn en iyi bilinen trakt\u00f6rlerini \u00fcretmektedir. Y\u00fcksek bir \u00fcr\u00fcn kalitesine sahip olan ve en geli\u015fmi\u015f teknolojilerle \u00fcretimlerini yapan trakt\u00f6r markas\u0131 uzun y\u0131llar sorunsuz bir \u015fekilde kullanabilece\u011finiz trakt\u00f6rler sunuyor. Beklentilerinize en iyi \u015fekilde yan\u0131t veren bir marka denilebilir.<\/p>\n<h2><strong>Hattat Trakt\u00f6r Markas\u0131<\/strong><\/h2>\n<p><strong><img loading=\"lazy\" decoding=\"async\" class=\"aligncenter wp-image-9028 \" src=\"https:\/\/petinya.org\/blog\/wp-content\/uploads\/2022\/03\/hattat-traktor.jpg\" alt=\"Bu g\u00f6rselin i\u00e7eri\u011fi en iyi trakt\u00f6r markas\u0131, d\u00fcnyan\u0131n en iyi trakt\u00f6r markas\u0131 siralamasi, d\u00fcnyan\u0131n en iyi trakt\u00f6r markas\u0131 s\u0131ralamas\u0131, en iyi trakt\u00f6r markalar\u0131, d\u00fcnyan\u0131n en iyi trakt\u00f6r markalar\u0131, en iyi trakt\u00f6r hangi marka, d\u00fcnyan\u0131n en iyi trakt\u00f6r markalar\u0131 s\u0131ralamas\u0131 konular\u0131 ile ilgilidir.\" width=\"731\" height=\"429\" \/><\/strong><\/p>\n<p><strong>T\u00fcrk trakt\u00f6r markalar\u0131<\/strong> i\u00e7inde en iyilerden birisi olan Hattat trakt\u00f6rleri beklentilere yan\u0131t veren tasar\u0131mlar aras\u0131nda yer al\u0131yor. Gerekil alt yap\u0131ya sahip olan bu trakt\u00f6rler son derece y\u00fcksek standartlar\u0131 ile \u00f6ne \u00e7\u0131k\u0131yorlar. 209 farkl\u0131 modelin \u00fcretimini yapan marka y\u00fcksek beygir g\u00fcc\u00fcne sahip trakt\u00f6rler ortaya \u00e7\u0131kar\u0131yor. Yurt d\u0131\u015f\u0131na da geni\u015f \u00f6l\u00e7\u00fcde sat\u0131\u015flar yapan firma uygun fiyatlar\u0131 sayesinde \u00e7ok fazla tercih edilen trakt\u00f6r modelleri aras\u0131nda \u00f6nemli bir yere sahip denilebilir. <span style=\"color: #ff0000;\"><strong><a style=\"color: #ff0000;\" href=\"https:\/\/www.hattattraktor.com\/\" rel=\"noopener\">Hattat Trakt\u00f6r<\/a><\/strong><\/span> 2002 senesinde \u00fcretimlerine ba\u015flam\u0131\u015ft\u0131r.<\/p>\n<h2><strong>Ba\u015fak Trakt\u00f6r Markas\u0131<\/strong><\/h2>\n<p><img loading=\"lazy\" decoding=\"async\" class=\"aligncenter wp-image-9029 size-full\" src=\"https:\/\/petinya.org\/blog\/wp-content\/uploads\/2022\/03\/basak-traktor.jpg\" alt=\"Bu g\u00f6rselin i\u00e7eri\u011fi en iyi trakt\u00f6r markas\u0131, d\u00fcnyan\u0131n en iyi trakt\u00f6r markas\u0131 siralamasi, d\u00fcnyan\u0131n en iyi trakt\u00f6r markas\u0131 s\u0131ralamas\u0131, en iyi trakt\u00f6r markalar\u0131, d\u00fcnyan\u0131n en iyi trakt\u00f6r markalar\u0131, en iyi trakt\u00f6r hangi marka, d\u00fcnyan\u0131n en iyi trakt\u00f6r markalar\u0131 s\u0131ralamas\u0131 konular\u0131 ile ilgilidir.\" width=\"1600\" height=\"1067\" srcset=\"https:\/\/petinya.org\/blog\/wp-content\/uploads\/2022\/03\/basak-traktor.jpg 1600w, https:\/\/petinya.org\/blog\/wp-content\/uploads\/2022\/03\/basak-traktor-768x512.jpg 768w, https:\/\/petinya.org\/blog\/wp-content\/uploads\/2022\/03\/basak-traktor-1536x1024.jpg 1536w\" sizes=\"auto, (max-width: 1600px) 100vw, 1600px\" \/><\/p>\n<p>Ba\u015fak trakt\u00f6r firmas\u0131 taraf\u0131ndan \u00fcretilen trakt\u00f6rler de son derece \u00fcst\u00fcn niteliklere sahiptir. \u0130\u00e7 pazarda profesyonel bir marka olarak tercih edilen Ba\u015fak trakt\u00f6rler 1950\u2019li y\u0131llardan bu yana \u00fcretimlerine devam etmektedir. Bu da firmay\u0131 son derece profesyonel bir duruma getiriyor. Y\u0131lda yakla\u015f\u0131k olarak 10 bin civar\u0131nda trakt\u00f6r \u00fcreten markalar aras\u0131nda yer al\u0131yor. %100 yerli trakt\u00f6r aray\u0131\u015f\u0131ndaysan\u0131z bu trakt\u00f6rleri rahatl\u0131kla tercih edebilirsiniz.<\/p>\n<p>Farkl\u0131 motor ve g\u00fc\u00e7lere sahip olan 2x 4, 4&#215;4 \u00e7eki\u015fli olan yakla\u015f\u0131k olarak 42 farkl\u0131 modelde trakt\u00f6r\u00fc bulunuyor. T\u00fcrkiye\u2019deki Pazar pay\u0131 son derece y\u00fcksek olan <span style=\"color: #ff0000;\"><strong><a style=\"color: #ff0000;\" href=\"https:\/\/basaktraktor.com.tr\/\" rel=\"noopener\">Ba\u015fak Trakt\u00f6r<\/a><\/strong><\/span> <strong>en iyi trakt\u00f6r markas\u0131 s\u0131ralamas\u0131 listesinde<\/strong>\u00a0\u00f6nemli bir yere sahiptir. Dayan\u0131kl\u0131 ve her t\u00fcrden arazi ko\u015fulunda kullan\u0131labilen Ba\u015fak trakt\u00f6rleri g\u00fcn\u00fcm\u00fczde de \u00e7ift\u00e7ilerin en \u00e7ok tercih etti\u011fi tar\u0131m ara\u00e7lar\u0131 aras\u0131nda yer al\u0131yor.<\/p>\n<p>[geo-post target=&#8221;false&#8221; id=&#8221;8829&#8243; label=&#8221;\u00d6nerilen Yaz\u0131&#8221;] [geo-post target=&#8221;false&#8221; id=&#8221;8983&#8243; label=&#8221;\u00d6nerilen Yaz\u0131&#8221;]<\/p>\n","protected":false},"excerpt":{"rendered":"<p>Tar\u0131m ve in\u015faat sekt\u00f6r\u00fcnde trakt\u00f6rler olduk\u00e7a \u00f6nemli ara\u00e7lard\u0131r. Ula\u015f\u0131m arac\u0131 olmas\u0131n\u0131n yan\u0131nda i\u015f yapabilme kapasitesi son derece y\u00fcksek olan bu ara\u00e7lar, yerli ve yabanc\u0131 markalar taraf\u0131ndan \u00fcretilir. \u00d6zellikle tarlalarda topra\u011f\u0131 s\u00fcrmek ve havaland\u0131rmak &#8230; <\/p>\n<p class=\"read-more-container\"><a title=\"D\u00fcnyan\u0131n En \u0130yi Trakt\u00f6r Markas\u0131 S\u0131ralamas\u0131 2023\" class=\"read-more button\" href=\"https:\/\/petinya.org\/blog\/dunyanin-en-iyi-traktor-markasi\/#more-9018\" aria-label=\"Read more about D\u00fcnyan\u0131n En \u0130yi Trakt\u00f6r Markas\u0131 S\u0131ralamas\u0131 2023\">Devam\u0131n\u0131 Oku<\/a><\/p>\n","protected":false},"author":1,"featured_media":9021,"comment_status":"open","ping_status":"closed","sticky":false,"template":"","format":"standard","meta":{"footnotes":""},"categories":[1],"tags":[],"class_list":["post-9018","post","type-post","status-publish","format-standard","has-post-thumbnail","hentry","category-genel","resize-featured-image"],"views":1113,"_links":{"self":[{"href":"https:\/\/petinya.org\/blog\/wp-json\/wp\/v2\/posts\/9018","targetHints":{"allow":["GET"]}}],"collection":[{"href":"https:\/\/petinya.org\/blog\/wp-json\/wp\/v2\/posts"}],"about":[{"href":"https:\/\/petinya.org\/blog\/wp-json\/wp\/v2\/types\/post"}],"author":[{"embeddable":true,"href":"https:\/\/petinya.org\/blog\/wp-json\/wp\/v2\/users\/1"}],"replies":[{"embeddable":true,"href":"https:\/\/petinya.org\/blog\/wp-json\/wp\/v2\/comments?post=9018"}],"version-history":[{"count":0,"href":"https:\/\/petinya.org\/blog\/wp-json\/wp\/v2\/posts\/9018\/revisions"}],"wp:featuredmedia":[{"embeddable":true,"href":"https:\/\/petinya.org\/blog\/wp-json\/wp\/v2\/media\/9021"}],"wp:attachment":[{"href":"https:\/\/petinya.org\/blog\/wp-json\/wp\/v2\/media?parent=9018"}],"wp:term":[{"taxonomy":"category","embeddable":true,"href":"https:\/\/petinya.org\/blog\/wp-json\/wp\/v2\/categories?post=9018"},{"taxonomy":"post_tag","embeddable":true,"href":"https:\/\/petinya.org\/blog\/wp-json\/wp\/v2\/tags?post=9018"}],"curies":[{"name":"wp","href":"https:\/\/api.w.org\/{rel}","templated":true}]}}