{"id":87,"date":"2024-02-03T09:33:53","date_gmt":"2024-02-03T09:33:53","guid":{"rendered":"http:\/\/www.petinya.org\/blog\/?p=87"},"modified":"2024-02-03T09:33:53","modified_gmt":"2024-02-03T09:33:53","slug":"bosanan-kadina-maas","status":"publish","type":"post","link":"https:\/\/petinya.org\/blog\/bosanan-kadina-maas\/","title":{"rendered":"Bo\u015fanan Kad\u0131na Devlet Yard\u0131m\u0131 ve Maa\u015f"},"content":{"rendered":"<p>Bo\u015fanan kad\u0131na devlet yard\u0131m\u0131; Devlet, maddi a\u00e7\u0131dan yetersiz olan vatanda\u015flar\u0131na destek sa\u011flamaktad\u0131r. Bu yard\u0131mlar; ba\u015fta sa\u011fl\u0131k, e\u011fitim, konut gibi temel ihtiya\u00e7lar\u0131 kar\u015f\u0131lama ama\u00e7l\u0131 yap\u0131lmaktad\u0131r. Son d\u00f6nemlerde daha da g\u00fcncelle\u015fen yard\u0131mlar\u0131n ba\u015f\u0131nda bo\u015fanan kad\u0131na devlet yard\u0131m\u0131 gelmektedir. Bo\u015fanm\u0131\u015f kad\u0131na sosyal yard\u0131m 2024 y\u0131l\u0131nda da verilece\u011fi gibi, bo\u015fanm\u0131\u015f kad\u0131na devlet yard\u0131m\u0131 2024 y\u0131l\u0131nda da devam edecektir. Bu \u015fekilde devlet, e\u015finden ayr\u0131lan bayan\u0131n ekonomik anlamda destekleyerek kad\u0131n\u0131n kendi ayaklar\u0131 \u00fczerinde kalmas\u0131nda yard\u0131mc\u0131 olmaktad\u0131r.<\/p>\n<p>Bu yaz\u0131m\u0131zda; Bo\u015fanm\u0131\u015f kad\u0131na maa\u015f, ev yard\u0131m\u0131, para yard\u0131m\u0131, sosyal yard\u0131m, bo\u015fanm\u0131\u015f aile \u00e7ocu\u011funa devlet yard\u0131m\u0131, bo\u015fanan kad\u0131nlara i\u015f imkan\u0131, bo\u015fanan kad\u0131na kaymakaml\u0131k yard\u0131m\u0131 2023, e\u015finden ayr\u0131lan kad\u0131nlara maa\u015f veriliyor mu, bo\u015fanm\u0131\u015f annelere maa\u015f, bo\u015fanm\u0131\u015f dul maa\u015f\u0131 ne kadar gibi \u00f6nemli sorulara yan\u0131t bulaca\u011f\u0131z.<\/p>\n<p>&nbsp;<\/p>\n<p>Makalemizde devlet dul bir bayana hangi kurumlar vas\u0131tas\u0131yla maa\u015f yard\u0131m\u0131 yapmaktad\u0131r? Son g\u00fcncellemelere g\u00f6re 2023 yard\u0131m ne kadar yap\u0131lacakt\u0131r? Maa\u015ftan yararlanma \u015fartlar\u0131 nelerdir? Gibi en \u00e7ok merak edilen konular makalemizde yer verece\u011fiz.<\/p>\n<figure id=\"attachment_13158\" aria-describedby=\"caption-attachment-13158\" style=\"width: 1190px\" class=\"wp-caption alignnone\"><img loading=\"lazy\" decoding=\"async\" class=\"wp-image-13158 size-full\" title=\"bosanan-kadin-maasi\" src=\"https:\/\/petinya.org\/blog\/wp-content\/uploads\/2023\/07\/bosanan-kadin-maasi.jpg.jpg\" alt=\"bosanan kadin maasi.jpg\" width=\"1200\" height=\"675\" srcset=\"https:\/\/petinya.org\/blog\/wp-content\/uploads\/2023\/07\/bosanan-kadin-maasi.jpg.jpg 1200w, https:\/\/petinya.org\/blog\/wp-content\/uploads\/2023\/07\/bosanan-kadin-maasi.jpg-768x432.jpg 768w\" sizes=\"auto, (max-width: 1200px) 100vw, 1200px\" \/><figcaption id=\"caption-attachment-13158\" class=\"wp-caption-text\">Bo\u015fanan Kad\u0131na Devlet Yard\u0131m\u0131 ve Maa\u015f<\/figcaption><\/figure>\n<h2><span class=\"ez-toc-section\" id=\"Dul_Maasi_Yardim_Sartlari_2024\"><\/span><span style=\"color: #ff0000;\">Dul Maa\u015f\u0131 Yard\u0131m \u015eartlar\u0131 2024<br \/>\n<\/span><span class=\"ez-toc-section-end\"><\/span><\/h2>\n<p>E\u015finden ayr\u0131lan bayanlara devlet, ekonomik ve bar\u0131nma gibi temel ihtiya\u00e7lar\u0131n\u0131 kar\u015f\u0131lama alanlar\u0131nda yard\u0131m etmektedir. Bu yard\u0131mlar ba\u011fl\u0131 bulunan belediyeler, kaymakaml\u0131klar ve sosyal yard\u0131mla\u015fma kurumlar\u0131 taraf\u0131ndan verilmektedir. 2024 y\u0131l\u0131nda da yard\u0131mlar katlanarak artmaktad\u0131r. Fakat g\u00fcn\u00fcm\u00fcz \u015fartlar\u0131nda bo\u015fanmalar\u0131n artmas\u0131yla yap\u0131lan desteklemelerde yetersiz kal\u0131n\u0131labilmektedir. Bu a\u015famada \u00f6zel yard\u0131m kurum ve kurulu\u015flar\u0131 ve kad\u0131n s\u0131\u011f\u0131nma evleri gibi yoksul ve dul bayanlara ev sahipli\u011fi yapmaktad\u0131r.<\/p>\n<p>\u0130lgili; <span style=\"color: #0000ff;\"><strong><a style=\"color: #0000ff;\" href=\"http:\/\/petinya.org\/blog\/bosanan-kadin-babasinin-maasini-alabilir-mi-baba-ve-anneden-kalan-maasi-alma\/\" target=\"_blank\" rel=\"noopener\">Bo\u015fanm\u0131\u015f kad\u0131n baba maa\u015f\u0131n\u0131 alabilir mi<\/a><\/strong><\/span>? MUTLAKA OKUYUN<\/p>\n<p>Dul anne bahsetmi\u015f oldu\u011fumuz yard\u0131mlardan faydalanmak isterse yapmas\u0131 gereken i\u015flem istenilen belgeleri temin ederek bulundu\u011fu il ya da il\u00e7e kurulu\u015flar\u0131na teslim etmesi gerekmektedir.<\/p>\n<h2><span class=\"ez-toc-section\" id=\"Bosanmis_Yoksul_Kadinin_Maas_Alim_Sartlari\"><\/span><span style=\"color: #ff0000;\">Bo\u015fanm\u0131\u015f Yoksul Kad\u0131n\u0131n Maa\u015f Al\u0131m \u015eartlar\u0131<\/span><span class=\"ez-toc-section-end\"><\/span><\/h2>\n<p>Yoksul, dul bayan sa\u011fl\u0131k maa\u015f al\u0131m\u0131 i\u00e7in olup, herhangi bir kurumdan da yard\u0131m almad\u0131\u011f\u0131n\u0131 g\u00f6steren bir belge teslim etmesi gerekmektedir. \u00d6ncelikle ta\u015f\u0131mas\u0131 gereken \u015fart; \u00fczerinde kay\u0131tl\u0131 olan herhangi bir konut, ara\u00e7 gibi mal varl\u0131\u011f\u0131na sahip olmamas\u0131 gerekmektedir. Bu \u015fartlar\u0131 sa\u011flayan dul, yoksul ev han\u0131mlar\u0131 yoksulluk maa\u015f\u0131ndan faydalanabileceklerdir. Bu \u015fartlar\u0131 ta\u015f\u0131yan dul han\u0131mlar belediyelerin, kaymakaml\u0131klar\u0131n vermi\u015f oldu\u011fu yoksulluk dul maa\u015f\u0131 alabilme hakk\u0131na sahip olacaklard\u0131r.<\/p>\n<p>\u0130stenilen belgelerin temin ettikten sonra ba\u011fl\u0131 bulundu\u011funuz belediyelere ba\u015fvuru yaparak onay durumunuzu beklemeniz gerekmektedir. Onay i\u015flem a\u015famas\u0131nda durumunuz ba\u011fl\u0131 oldu\u011funuz belediyeler alt\u0131nda takibe al\u0131nacak ve onay ger\u00e7ekle\u015fti\u011fi anda \u015fahs\u0131n\u0131za bildirilecektir.<\/p>\n<figure id=\"attachment_88\" aria-describedby=\"caption-attachment-88\" style=\"width: 630px\" class=\"wp-caption alignnone\"><img loading=\"lazy\" decoding=\"async\" class=\"size-full wp-image-88\" title=\"61724\" src=\"https:\/\/petinya.org\/blog\/wp-content\/uploads\/2018\/07\/61724.jpg\" alt=\"bo\u015fanan kad\u0131na maa\u015f\" width=\"640\" height=\"320\" \/><figcaption id=\"caption-attachment-88\" class=\"wp-caption-text\">bo\u015fanan kad\u0131na maa\u015f<\/figcaption><\/figure>\n<h2><span class=\"ez-toc-section\" id=\"2024_Dul_Yardim_Maasi_Ne_Kadar_Yapilmaktadir\"><\/span><span style=\"color: #ff0000;\">2024 Dul Yard\u0131m Maa\u015f\u0131 Ne Kadar Yap\u0131lmaktad\u0131r?<\/span><span class=\"ez-toc-section-end\"><\/span><\/h2>\n<p>H\u00fck\u00fcmet dul annelerimize yard\u0131m i\u00e7in 2024 y\u0131l\u0131nda da yeni d\u00fczenlemelere gitmektedir. Hayat \u015fartlar\u0131n\u0131n a\u011f\u0131rla\u015fmas\u0131 itibari ile verilen maa\u015f miktar\u0131n\u0131 art\u0131rm\u0131\u015ft\u0131r. H\u00fck\u00fcmet bu g\u00f6revi\u00a0 Sosyal Politikalar Bakanl\u0131\u011f\u0131na devretmi\u015ftir.<\/p>\n<p>Son zam ile birlikte, dul ve yetim ayl\u0131\u011f\u0131 alanlara y\u00fczde <strong>42,60<\/strong> oran\u0131nda zam yap\u0131ld\u0131. Bu zam, emekli maa\u015f zamm\u0131n\u0131n ard\u0131ndan ger\u00e7ekle\u015fti. Yeni d\u00fczenlemeyle birlikte, hisse oran\u0131na ba\u011fl\u0131 olarak en d\u00fc\u015f\u00fck ayl\u0131k tutar <strong>2 bin 500<\/strong> liray\u0131 a\u015farken, en y\u00fcksek dul ve yetim ayl\u0131\u011f\u0131 ise y\u00fczde 75 hisseye g\u00f6re <strong>8 bin 500<\/strong> lira olacak.<\/p>\n<table>\n<thead>\n<tr>\n<th>Durum<\/th>\n<th>\u00d6deme Miktar\u0131 (TL)<\/th>\n<\/tr>\n<\/thead>\n<tbody>\n<tr>\n<td>Y\u00fczde 25 hissesi olan ki\u015fi<\/td>\n<td>2,500\u20ba<\/td>\n<\/tr>\n<tr>\n<td>Y\u00fczde 50 hissesi olan ki\u015fi<\/td>\n<td>5,000\u20ba<\/td>\n<\/tr>\n<tr>\n<td>Y\u00fczde 75 oran\u0131nda dul ve yetim ayl\u0131\u011f\u0131 alan<\/td>\n<td>8,500\u20ba<\/td>\n<\/tr>\n<\/tbody>\n<\/table>\n<p>\u00c7ocu\u011funuz okuyorsa buna mutlaka bak\u0131n. <span style=\"color: #ff0000;\"><strong><a style=\"color: #ff0000;\" href=\"http:\/\/petinya.org\/blog\/okuyan-ogrencilere-maas-yardimi\/\" target=\"_blank\" rel=\"noopener\">Sosyal ekonomik destek \u00fccretleri<\/a><\/strong><\/span><\/p>\n<div id=\"ez-toc-container\" class=\"ez-toc-v2_0_82_2 counter-hierarchy ez-toc-counter ez-toc-grey ez-toc-container-direction\">\n<div class=\"ez-toc-title-container\">\n<p class=\"ez-toc-title\" style=\"cursor:inherit\">\u0130\u00e7indekiler<\/p>\n<span class=\"ez-toc-title-toggle\"><a href=\"#\" class=\"ez-toc-pull-right ez-toc-btn ez-toc-btn-xs ez-toc-btn-default ez-toc-toggle\" aria-label=\"\u0130\u00e7indekiler Tablosunu A\u00e7\/Kapat\"><span class=\"ez-toc-js-icon-con\"><span class=\"\"><span class=\"eztoc-hide\" style=\"display:none;\">Toggle<\/span><span class=\"ez-toc-icon-toggle-span\"><svg style=\"fill: #999;color:#999\" xmlns=\"http:\/\/www.w3.org\/2000\/svg\" class=\"list-377408\" width=\"20px\" height=\"20px\" viewBox=\"0 0 24 24\" fill=\"none\"><path d=\"M6 6H4v2h2V6zm14 0H8v2h12V6zM4 11h2v2H4v-2zm16 0H8v2h12v-2zM4 16h2v2H4v-2zm16 0H8v2h12v-2z\" fill=\"currentColor\"><\/path><\/svg><svg style=\"fill: #999;color:#999\" class=\"arrow-unsorted-368013\" xmlns=\"http:\/\/www.w3.org\/2000\/svg\" width=\"10px\" height=\"10px\" viewBox=\"0 0 24 24\" version=\"1.2\" baseProfile=\"tiny\"><path d=\"M18.2 9.3l-6.2-6.3-6.2 6.3c-.2.2-.3.4-.3.7s.1.5.3.7c.2.2.4.3.7.3h11c.3 0 .5-.1.7-.3.2-.2.3-.5.3-.7s-.1-.5-.3-.7zM5.8 14.7l6.2 6.3 6.2-6.3c.2-.2.3-.5.3-.7s-.1-.5-.3-.7c-.2-.2-.4-.3-.7-.3h-11c-.3 0-.5.1-.7.3-.2.2-.3.5-.3.7s.1.5.3.7z\"\/><\/svg><\/span><\/span><\/span><\/a><\/span><\/div>\n<nav><ul class='ez-toc-list ez-toc-list-level-1 eztoc-toggle-hide-by-default' ><li class='ez-toc-page-1 ez-toc-heading-level-2'><a class=\"ez-toc-link ez-toc-heading-1\" href=\"https:\/\/petinya.org\/blog\/bosanan-kadina-maas\/#Dul_Maasi_Yardim_Sartlari_2024\" >Dul Maa\u015f\u0131 Yard\u0131m \u015eartlar\u0131 2024<\/a><\/li><li class='ez-toc-page-1 ez-toc-heading-level-2'><a class=\"ez-toc-link ez-toc-heading-2\" href=\"https:\/\/petinya.org\/blog\/bosanan-kadina-maas\/#Bosanmis_Yoksul_Kadinin_Maas_Alim_Sartlari\" >Bo\u015fanm\u0131\u015f Yoksul Kad\u0131n\u0131n Maa\u015f Al\u0131m \u015eartlar\u0131<\/a><\/li><li class='ez-toc-page-1 ez-toc-heading-level-2'><a class=\"ez-toc-link ez-toc-heading-3\" href=\"https:\/\/petinya.org\/blog\/bosanan-kadina-maas\/#2024_Dul_Yardim_Maasi_Ne_Kadar_Yapilmaktadir\" >2024 Dul Yard\u0131m Maa\u015f\u0131 Ne Kadar Yap\u0131lmaktad\u0131r?<\/a><\/li><\/ul><\/nav><\/div>\n","protected":false},"excerpt":{"rendered":"<p>Bo\u015fanan kad\u0131na devlet yard\u0131m\u0131; Devlet, maddi a\u00e7\u0131dan yetersiz olan vatanda\u015flar\u0131na destek sa\u011flamaktad\u0131r. Bu yard\u0131mlar; ba\u015fta sa\u011fl\u0131k, e\u011fitim, konut gibi temel ihtiya\u00e7lar\u0131 kar\u015f\u0131lama ama\u00e7l\u0131 yap\u0131lmaktad\u0131r. Son d\u00f6nemlerde daha da g\u00fcncelle\u015fen yard\u0131mlar\u0131n ba\u015f\u0131nda bo\u015fanan kad\u0131na &#8230; <\/p>\n<p class=\"read-more-container\"><a title=\"Bo\u015fanan Kad\u0131na Devlet Yard\u0131m\u0131 ve Maa\u015f\" class=\"read-more button\" href=\"https:\/\/petinya.org\/blog\/bosanan-kadina-maas\/#more-87\" aria-label=\"Read more about Bo\u015fanan Kad\u0131na Devlet Yard\u0131m\u0131 ve Maa\u015f\">Devam\u0131n\u0131 Oku<\/a><\/p>\n","protected":false},"author":1,"featured_media":13158,"comment_status":"closed","ping_status":"closed","sticky":false,"template":"","format":"standard","meta":{"footnotes":""},"categories":[2],"tags":[],"class_list":["post-87","post","type-post","status-publish","format-standard","has-post-thumbnail","hentry","category-ekonomi"],"views":551,"_links":{"self":[{"href":"https:\/\/petinya.org\/blog\/wp-json\/wp\/v2\/posts\/87","targetHints":{"allow":["GET"]}}],"collection":[{"href":"https:\/\/petinya.org\/blog\/wp-json\/wp\/v2\/posts"}],"about":[{"href":"https:\/\/petinya.org\/blog\/wp-json\/wp\/v2\/types\/post"}],"author":[{"embeddable":true,"href":"https:\/\/petinya.org\/blog\/wp-json\/wp\/v2\/users\/1"}],"replies":[{"embeddable":true,"href":"https:\/\/petinya.org\/blog\/wp-json\/wp\/v2\/comments?post=87"}],"version-history":[{"count":0,"href":"https:\/\/petinya.org\/blog\/wp-json\/wp\/v2\/posts\/87\/revisions"}],"wp:featuredmedia":[{"embeddable":true,"href":"https:\/\/petinya.org\/blog\/wp-json\/wp\/v2\/media\/13158"}],"wp:attachment":[{"href":"https:\/\/petinya.org\/blog\/wp-json\/wp\/v2\/media?parent=87"}],"wp:term":[{"taxonomy":"category","embeddable":true,"href":"https:\/\/petinya.org\/blog\/wp-json\/wp\/v2\/categories?post=87"},{"taxonomy":"post_tag","embeddable":true,"href":"https:\/\/petinya.org\/blog\/wp-json\/wp\/v2\/tags?post=87"}],"curies":[{"name":"wp","href":"https:\/\/api.w.org\/{rel}","templated":true}]}}