{"id":6795,"date":"2022-03-08T21:52:52","date_gmt":"2022-03-08T21:52:52","guid":{"rendered":"https:\/\/petinya.org\/blog\/?p=433"},"modified":"2022-03-08T21:52:52","modified_gmt":"2022-03-08T21:52:52","slug":"pvc-kapi-ayari-nasil-yapilir","status":"publish","type":"post","link":"https:\/\/petinya.org\/blog\/pvc-kapi-ayari-nasil-yapilir\/","title":{"rendered":"PVC Kap\u0131 Ayar\u0131 Nas\u0131l Yap\u0131l\u0131r?"},"content":{"rendered":"<p>PVC Kap\u0131 Ayar\u0131 Nas\u0131l Yap\u0131l\u0131r? ve PVC kap\u0131 ayar\u0131 neden yap\u0131l\u0131r gibi sorular bir\u00e7ok PVC pimapen kullan\u0131c\u0131s\u0131 taraf\u0131ndan ara\u015ft\u0131r\u0131l\u0131r. PVC kap\u0131 ve pencere sistemleri bir\u00e7ok ki\u015fi taraf\u0131ndan kullan\u0131l\u0131r. Bu sistemler genelde firma taraf\u0131ndan yerine tak\u0131ld\u0131ktan sonra bu \u015fekilde ayn\u0131 ayar ile kullan\u0131m devam edilir. Bir\u00e7ok kullan\u0131c\u0131 PVC pimapenlerin farkl\u0131 ayarlar\u0131n\u0131n olu\u011funu dahi bilmez. Ancak bu konuda detayl\u0131 ara\u015ft\u0131rma yap\u0131nca PVC sistemlerinde bir\u00e7ok farkl\u0131 ayar\u0131n m\u00fcmk\u00fcn olabilece\u011fini g\u00f6r\u00fcrs\u00fcn\u00fcz. <em><strong>PVC Kap\u0131 Ayar\u0131 Nas\u0131l Yap\u0131l\u0131r<\/strong><\/em> sorusuna arad\u0131\u011f\u0131n\u0131z b\u00fct\u00fcn yan\u0131tlar\u0131 burada bulabilirsiniz.<\/p>\n<h2><span class=\"ez-toc-section\" id=\"PVC_Kapi_Ayarlari\"><\/span>PVC Kap\u0131 Ayarlar\u0131<span class=\"ez-toc-section-end\"><\/span><\/h2>\n<p>PVC kap\u0131lar da hemen her \u015fey gibi bir s\u00fcre sonra kullan\u0131ma ba\u011fl\u0131 nedenlerden dolay\u0131 bozulabilir. Bu durum genelde ayarlar\u0131nda meydana gelen de\u011fi\u015fiklikler nedeni ile olu\u015fur. Bozulan bu kap\u0131 ayarlar\u0131n\u0131 d\u00fczeltmek tekrar ilk g\u00fcnk\u00fc haline getirmek m\u00fcmk\u00fcnd\u00fcr.<\/p>\n<p><strong>PVC kap\u0131lar;<\/strong><\/p>\n<ol>\n<li>A\u00e7\u0131lan kanat k\u0131s\u0131mlar\u0131ndan bozulabilir.<\/li>\n<li>Binalar\u0131n temellerinde meydana gelebilecek her t\u00fcrl\u00fc \u00f6l\u00e7\u00fc de\u011fi\u015fimi, pimapen kap\u0131larda direkt olarak kayma ve bozulmaya neden olabilmektedir.<\/li>\n<li>Montaj hatalar\u0131 da ayn\u0131 \u015fekilde pimapen kap\u0131larda zamanla bozulmalara neden olabilir.<\/li>\n<li>PVC kilit mekanizmalar\u0131 yaz ve k\u0131\u015f moduna uygun \u015fekilde kullan\u0131lmad\u0131\u011f\u0131nda bir tak\u0131m sorunlar meydana gelebilir.<\/li>\n<\/ol>\n<p>&nbsp;<\/p>\n<p><strong>PVC Kap\u0131 Ayar\u0131 Nas\u0131l Yap\u0131l\u0131r<\/strong> konusundan \u00f6nce kap\u0131n\u0131n bozulma nedenlerine dikkat \u00e7ekmek gerekir. PVC kap\u0131s\u0131n\u0131n ayar\u0131n\u0131n bozulmas\u0131 i\u00e7in bir\u00e7ok farkl\u0131 neden say\u0131labilir. Nedenin ne oldu\u011funu tespit ettikten sonra sorunlara k\u0131sa s\u00fcrede \u00e7\u00f6z\u00fcm getirmek de m\u00fcmk\u00fcn olur. PVC kap\u0131larda uzun s\u00fcreli kullan\u0131m\u0131n m\u00fcmk\u00fcn olabilmesi i\u00e7in birtak\u0131m kurallara dikkat edilmesi gerekir. Bu kurallar \u015fu \u015fekilde s\u0131ralanabilir;<\/p>\n<ul>\n<li>PVC kap\u0131lar\u0131 yaz ve k\u0131\u015f modlar\u0131na uygun \u015fekilde kullanmak gerekir.<\/li>\n<li>PVC kap\u0131lar\u0131n\u0131n zorlanmadan hafi m\u00fcdahaleler ile kullan\u0131lmalar\u0131 \u00f6nemlidir.<\/li>\n<li>Kap\u0131lar e\u011fer birden fazla a\u00e7ma moduna sahipse ayn\u0131 anda iki mod birden kullan\u0131lmaya \u00e7al\u0131\u015f\u0131lmamal\u0131d\u0131r.<\/li>\n<li>PVC kap\u0131lar sert m\u00fcdahalelere maruz kalmamal\u0131 ve ters y\u00f6nde a\u00e7\u0131lmamal\u0131 veya kapat\u0131lmamal\u0131d\u0131r.<\/li>\n<\/ul>\n<p>&nbsp;<\/p>\n<h2><span class=\"ez-toc-section\" id=\"PVC_Kapi_Ayari_Nasil_Yapilir_Detayli_Aciklama\"><\/span>PVC Kap\u0131 Ayar\u0131 Nas\u0131l Yap\u0131l\u0131r Detayl\u0131 A\u00e7\u0131klama<span class=\"ez-toc-section-end\"><\/span><\/h2>\n<p><a href=\"https:\/\/petinya.org\/blog\/pvc-membran-kapi-en-iyi-pvc-membran-kapi-markasi\/\">PVC kap\u0131<\/a> ayar\u0131 dendi\u011finde akla ilk gelen ayar yaz ve k\u0131\u015f ayar\u0131d\u0131r. Bunun yan\u0131 s\u0131ra kap\u0131n\u0131n belirli d\u00f6nemlerde kontrolden ge\u00e7irilmesi ve mente\u015felerinin g\u00f6zen ge\u00e7irilmesinde yarar vard\u0131r. Pimapen kap\u0131larda yaz ve k\u0131\u015f ayar\u0131n\u0131 \u015fu a\u015famalar ile yapabilirsiniz;<\/p>\n<ul>\n<li>PVC mekanizmas\u0131n\u0131n yaz ve k\u0131\u015f ayar\u0131n\u0131 yapabilmek i\u00e7in kilit mekanizmas\u0131n\u0131n yerini bulman\u0131z gerekir.<\/li>\n<li>Ard\u0131ndan kilit i\u00e7erisine bir alyan ya da tornavida ile m\u00fcdahale edilerek kilit d\u00f6nd\u00fcr\u00fcl\u00fcr.<\/li>\n<li>Silindir hareket etti\u011fi esnada e\u011fer sola do\u011fru d\u00f6n\u00fck ise bu ayar k\u0131\u015f ayar\u0131d\u0131r. Sola do\u011fru en son ayara kadar s\u0131k\u0131ld\u0131\u011f\u0131nda k\u0131\u015f kullan\u0131m\u0131na uygun olur.<\/li>\n<li>Silindir kilit \u00fczerinde bulunan \u00e7entik e\u011fer ortada yer al\u0131yorsa bu durum pencerenin standart bir ayara sahip oldu\u011funu g\u00f6sterir. Bu durumda pimapen d\u00f6rt mevsim ayn\u0131 ayarda kullan\u0131labilir.<\/li>\n<li>Silindir \u00fczerinde bulunan \u00e7entik sa\u011fa do\u011fru ise bu da pimapenin yaz ayar\u0131n\u0131n a\u00e7\u0131k oldu\u011funu g\u00f6sterir.<\/li>\n<\/ul>\n<p>Pimapenleri mevsimlere g\u00f6re kullanmak hem kullan\u0131mda \u00fcst d\u00fczey performans elde etmeyi sa\u011flar. Hem de pimapenlerin kullan\u0131m \u00f6mr\u00fcn\u00fc uzat\u0131r. Aksi taktirde yaz mevsiminde pimapenlerin i\u00e7eriye so\u011fuk hava s\u0131zd\u0131rmas\u0131 problem yarat\u0131r. Yaz\u0131n s\u0131cak mevsimlerinde ise pimapenler normalden \u00e7ok fazla s\u0131k\u0131laca\u011f\u0131 i\u00e7in hava ge\u00e7irgenli\u011fini \u00f6nler.<\/p>\n<h2><span class=\"ez-toc-section\" id=\"PVC_Kapilarin_Ayar_Durumu_Nasil_Anlasilir\"><\/span>PVC Kap\u0131lar\u0131n Ayar Durumu Nas\u0131l Anla\u015f\u0131l\u0131r?<span class=\"ez-toc-section-end\"><\/span><\/h2>\n<p>PVC kap\u0131lar\u0131 ayarlayaca\u011f\u0131n\u0131z s\u0131rada kap\u0131n\u0131n asl\u0131nda bir ayara ba\u011fl\u0131 oldu\u011funu g\u00f6r\u00fcrs\u00fcn\u00fcz. B\u00fct\u00fcn kap\u0131lar bir ayar neticesinde size teslim edilir. Siz ilk bak\u0131\u015fta kap\u0131n\u0131n ayar\u0131n\u0131n neye uygun oldu\u011funu anlamayabilirsiniz. Bunun i\u00e7in PVC kap\u0131n\u0131n silindir k\u0131sm\u0131na bakman\u0131z yeterli olur. Yukar\u0131da bahsedildi\u011fi \u00fczere silindir ve \u00e7enti\u011fin durumunu kontrol ederek <a href=\"https:\/\/dengarden.com\/home-improvement\/PVC-Door-is-catching-on-frame-when-i-open-and-close-it\" target=\"_blank\" rel=\"noopener\">PVC<\/a> pimapen kap\u0131n\u0131n hali haz\u0131rda sahip odlu\u011fu ayar\u0131 kolayca \u00f6\u011frenebilirsiniz.<\/p>\n<h3><span class=\"ez-toc-section\" id=\"PVC_Pimapen_Kanat_Ayari\"><\/span>PVC Pimapen Kanat Ayar\u0131<span class=\"ez-toc-section-end\"><\/span><\/h3>\n<p>PVC pimapen kap\u0131larda yap\u0131lmas\u0131 gereken bir di\u011fer ayar kanat ayar\u0131d\u0131r. Bunun i\u00e7in \u015fu a\u015famalar\u0131 takip etmeniz yeterli olur;<\/p>\n<ul>\n<li>Mente\u015felerin \u00fczerine uzan\u0131n ve burada bulunan pimleri s\u00f6kerek \u00e7\u0131kart\u0131n.<\/li>\n<li>\u00dcstte yer alan mente\u015fenin \u00fcst k\u0131\u015f\u0131nda bulunan 2 vidas\u0131n\u0131 s\u00f6k\u00fcn.<\/li>\n<li>\u00dcst k\u0131s\u0131mdaki mente\u015feyi 5mm kadar geriye do\u011fru \u00e7ekin ve tekrar vidalay\u0131n.<\/li>\n<li>Orta viday\u0131 yerine tak\u0131n.<\/li>\n<\/ul>\n<p>B\u00f6ylece a\u00e7\u0131lan kanad\u0131n yukar\u0131 do\u011fu kalkmas\u0131n\u0131 sa\u011flam\u0131\u015f olursunuz. <strong>PVC Kap\u0131 Ayar\u0131 Nas\u0131l Yap\u0131l\u0131r<\/strong> sorusu \u00f6zellikle PVC kap\u0131lar\u0131nda sorun ya\u015fayanlar taraf\u0131ndan ara\u015ft\u0131r\u0131l\u0131r. PVC kap\u0131lar\u0131n kapanmamas\u0131nda kar\u015f\u0131la\u015f\u0131lan en b\u00fcy\u00fck neden kap\u0131n\u0131n d\u00fc\u015fmesidir. Bu durumda kap\u0131y\u0131 kapatmak zor olur ya da hi\u00e7 kapanmaz. Kap\u0131n\u0131z\u0131n kapanmad\u0131\u011f\u0131n\u0131 fark ederseniz ilk etapta pimapen kap\u0131y\u0131 bir ya\u011f ya da krem yard\u0131m\u0131 ile yumu\u015fatmay\u0131 deneyebilirsiniz. E\u011fer kap\u0131n\u0131n kapanmamas\u0131 durumu hala devam ediyorsa bu durumda daha profesyonel bir yard\u0131m alman\u0131z kesin \u00e7\u00f6z\u00fcm olacakt\u0131r.<\/p>\n<div id=\"ez-toc-container\" class=\"ez-toc-v2_0_82_2 counter-hierarchy ez-toc-counter ez-toc-grey ez-toc-container-direction\">\n<div class=\"ez-toc-title-container\">\n<p class=\"ez-toc-title\" style=\"cursor:inherit\">\u0130\u00e7indekiler<\/p>\n<span class=\"ez-toc-title-toggle\"><a href=\"#\" class=\"ez-toc-pull-right ez-toc-btn ez-toc-btn-xs ez-toc-btn-default ez-toc-toggle\" aria-label=\"\u0130\u00e7indekiler Tablosunu A\u00e7\/Kapat\"><span class=\"ez-toc-js-icon-con\"><span class=\"\"><span class=\"eztoc-hide\" style=\"display:none;\">Toggle<\/span><span class=\"ez-toc-icon-toggle-span\"><svg style=\"fill: #999;color:#999\" xmlns=\"http:\/\/www.w3.org\/2000\/svg\" class=\"list-377408\" width=\"20px\" height=\"20px\" viewBox=\"0 0 24 24\" fill=\"none\"><path d=\"M6 6H4v2h2V6zm14 0H8v2h12V6zM4 11h2v2H4v-2zm16 0H8v2h12v-2zM4 16h2v2H4v-2zm16 0H8v2h12v-2z\" fill=\"currentColor\"><\/path><\/svg><svg style=\"fill: #999;color:#999\" class=\"arrow-unsorted-368013\" xmlns=\"http:\/\/www.w3.org\/2000\/svg\" width=\"10px\" height=\"10px\" viewBox=\"0 0 24 24\" version=\"1.2\" baseProfile=\"tiny\"><path d=\"M18.2 9.3l-6.2-6.3-6.2 6.3c-.2.2-.3.4-.3.7s.1.5.3.7c.2.2.4.3.7.3h11c.3 0 .5-.1.7-.3.2-.2.3-.5.3-.7s-.1-.5-.3-.7zM5.8 14.7l6.2 6.3 6.2-6.3c.2-.2.3-.5.3-.7s-.1-.5-.3-.7c-.2-.2-.4-.3-.7-.3h-11c-.3 0-.5.1-.7.3-.2.2-.3.5-.3.7s.1.5.3.7z\"\/><\/svg><\/span><\/span><\/span><\/a><\/span><\/div>\n<nav><ul class='ez-toc-list ez-toc-list-level-1 eztoc-toggle-hide-by-default' ><li class='ez-toc-page-1 ez-toc-heading-level-2'><a class=\"ez-toc-link ez-toc-heading-1\" href=\"https:\/\/petinya.org\/blog\/pvc-kapi-ayari-nasil-yapilir\/#PVC_Kapi_Ayarlari\" >PVC Kap\u0131 Ayarlar\u0131<\/a><\/li><li class='ez-toc-page-1 ez-toc-heading-level-2'><a class=\"ez-toc-link ez-toc-heading-2\" href=\"https:\/\/petinya.org\/blog\/pvc-kapi-ayari-nasil-yapilir\/#PVC_Kapi_Ayari_Nasil_Yapilir_Detayli_Aciklama\" >PVC Kap\u0131 Ayar\u0131 Nas\u0131l Yap\u0131l\u0131r Detayl\u0131 A\u00e7\u0131klama<\/a><\/li><li class='ez-toc-page-1 ez-toc-heading-level-2'><a class=\"ez-toc-link ez-toc-heading-3\" href=\"https:\/\/petinya.org\/blog\/pvc-kapi-ayari-nasil-yapilir\/#PVC_Kapilarin_Ayar_Durumu_Nasil_Anlasilir\" >PVC Kap\u0131lar\u0131n Ayar Durumu Nas\u0131l Anla\u015f\u0131l\u0131r?<\/a><ul class='ez-toc-list-level-3' ><li class='ez-toc-heading-level-3'><a class=\"ez-toc-link ez-toc-heading-4\" href=\"https:\/\/petinya.org\/blog\/pvc-kapi-ayari-nasil-yapilir\/#PVC_Pimapen_Kanat_Ayari\" >PVC Pimapen Kanat Ayar\u0131<\/a><\/li><\/ul><\/li><\/ul><\/nav><\/div>\n","protected":false},"excerpt":{"rendered":"<p>PVC Kap\u0131 Ayar\u0131 Nas\u0131l Yap\u0131l\u0131r? ve PVC kap\u0131 ayar\u0131 neden yap\u0131l\u0131r gibi sorular bir\u00e7ok PVC pimapen kullan\u0131c\u0131s\u0131 taraf\u0131ndan ara\u015ft\u0131r\u0131l\u0131r. PVC kap\u0131 ve pencere sistemleri bir\u00e7ok ki\u015fi taraf\u0131ndan kullan\u0131l\u0131r. Bu sistemler genelde firma taraf\u0131ndan &#8230; <\/p>\n<p class=\"read-more-container\"><a title=\"PVC Kap\u0131 Ayar\u0131 Nas\u0131l Yap\u0131l\u0131r?\" class=\"read-more button\" href=\"https:\/\/petinya.org\/blog\/pvc-kapi-ayari-nasil-yapilir\/#more-6795\" aria-label=\"Read more about PVC Kap\u0131 Ayar\u0131 Nas\u0131l Yap\u0131l\u0131r?\">Devam\u0131n\u0131 Oku<\/a><\/p>\n","protected":false},"author":1,"featured_media":6167,"comment_status":"open","ping_status":"closed","sticky":false,"template":"","format":"standard","meta":{"footnotes":""},"categories":[9],"tags":[],"class_list":["post-6795","post","type-post","status-publish","format-standard","has-post-thumbnail","hentry","category-pvc-kapi-pencere-sistemleri","resize-featured-image"],"views":388,"_links":{"self":[{"href":"https:\/\/petinya.org\/blog\/wp-json\/wp\/v2\/posts\/6795","targetHints":{"allow":["GET"]}}],"collection":[{"href":"https:\/\/petinya.org\/blog\/wp-json\/wp\/v2\/posts"}],"about":[{"href":"https:\/\/petinya.org\/blog\/wp-json\/wp\/v2\/types\/post"}],"author":[{"embeddable":true,"href":"https:\/\/petinya.org\/blog\/wp-json\/wp\/v2\/users\/1"}],"replies":[{"embeddable":true,"href":"https:\/\/petinya.org\/blog\/wp-json\/wp\/v2\/comments?post=6795"}],"version-history":[{"count":0,"href":"https:\/\/petinya.org\/blog\/wp-json\/wp\/v2\/posts\/6795\/revisions"}],"wp:featuredmedia":[{"embeddable":true,"href":"https:\/\/petinya.org\/blog\/wp-json\/wp\/v2\/media\/6167"}],"wp:attachment":[{"href":"https:\/\/petinya.org\/blog\/wp-json\/wp\/v2\/media?parent=6795"}],"wp:term":[{"taxonomy":"category","embeddable":true,"href":"https:\/\/petinya.org\/blog\/wp-json\/wp\/v2\/categories?post=6795"},{"taxonomy":"post_tag","embeddable":true,"href":"https:\/\/petinya.org\/blog\/wp-json\/wp\/v2\/tags?post=6795"}],"curies":[{"name":"wp","href":"https:\/\/api.w.org\/{rel}","templated":true}]}}