{"id":5213,"date":"2025-05-03T04:33:51","date_gmt":"2025-05-03T01:33:51","guid":{"rendered":"https:\/\/petinya.org\/blog\/?p=408"},"modified":"2025-05-03T04:33:51","modified_gmt":"2025-05-03T01:33:51","slug":"savci-maasi","status":"publish","type":"post","link":"https:\/\/petinya.org\/blog\/savci-maasi\/","title":{"rendered":"Savc\u0131 Maa\u015f\u0131 Ne Kadar 2025 G\u00fcncel"},"content":{"rendered":"<div class=\"pg-iskolik-dp-entry pg-salary-page\">\n<p><strong>G\u00fcncel Savc\u0131 Maa\u015flar\u0131, <\/strong><strong>Stajyer Savc\u0131 Maa\u015f\u0131 Ne Kadar? <\/strong><strong>Birinci S\u0131n\u0131f Savc\u0131 Maa\u015f\u0131 &#8211; <\/strong><strong>Emekli Savc\u0131 Maa\u015f\u0131 &#8211; <\/strong><strong>Savc\u0131 Maa\u015flar\u0131 Ne Kadar?<\/strong><\/p>\n<\/div>\n<p><strong>Savc\u0131 maa\u015flar\u0131<\/strong> en \u00e7ok merak edilen meslek gruplar\u0131 aras\u0131nda yer al\u0131r. Devlet ad\u0131na \u00e7e\u015fitli ceza davalar\u0131n\u0131 a\u00e7maya haklar\u0131 bulunan savc\u0131lar yarg\u0131 organlar\u0131 i\u00e7erisinde olduk\u00e7a \u00f6nemli bir g\u00f6reve sahiptirler. Adalete en iyi \u015fekilde hizmet eden bu ki\u015filer verdikleri hizmetler kar\u015f\u0131l\u0131\u011f\u0131nda devletten maa\u015f niteli\u011finde kar\u015f\u0131l\u0131k al\u0131rlar. Her sene t\u00fcm devlet memurlar\u0131nda oldu\u011fu gibi savc\u0131lar\u0131n da maa\u015flar\u0131nda g\u00fcncellemeler yap\u0131l\u0131r.<\/p>\n<p>Enflasyon oranlar\u0131na ve k\u0131demlerine g\u00f6re maa\u015flar\u0131nda art\u0131\u015flar ya\u015fanan savc\u0131lar son derece \u00f6nemli g\u00f6revleri yerine getirirler. Ancak <strong>savc\u0131 maa\u015f\u0131<\/strong> g\u00f6rev yerine, g\u00f6revdeki k\u0131deme ve bulunulan konuma g\u00f6re farkl\u0131l\u0131k g\u00f6sterebilir. Ayn\u0131 zamanda normal bir savc\u0131 ile <em>ba\u015fsavc\u0131 maa\u015flar\u0131<\/em> da birbirinden farkl\u0131d\u0131r. Bu nedenle savc\u0131lar\u0131n maa\u015flar\u0131 incelenirken her birini ayr\u0131 ayr\u0131 incelemek gerekir.<\/p>\n<p>Savc\u0131l\u0131k mesle\u011fini yerine getiren ki\u015filer her sene zam oranlar\u0131ndan etkilenerek y\u0131ll\u0131k olarak belli miktar daha fazla maa\u015f al\u0131rlar. Al\u0131nan maa\u015flar di\u011fer memurlardan daha y\u00fcksek olmakla birlikte savc\u0131n\u0131n k\u0131demi ve bulundu\u011fu pozisyon maa\u015f\u0131 \u00fczerinde etkili olan fakt\u00f6rler aras\u0131nda yer al\u0131r.<\/p>\n<h2><span class=\"ez-toc-section\" id=\"Savci_Ne_Is_Yapar\"><\/span><strong>Savc\u0131 Ne \u0130\u015f Yapar?<\/strong><span class=\"ez-toc-section-end\"><\/span><\/h2>\n<p>Savc\u0131 maa\u015flar\u0131n\u0131n ne kadar oldu\u011fu bilgisi \u00f6ncesinde <strong>savc\u0131 ne i\u015f yapar<\/strong> sorusuna yan\u0131t vermek gerekir. Mesle\u011fin niteli\u011fini, gerektirdi\u011fi sorumluluklar\u0131 bilmek al\u0131nan maa\u015f a\u00e7\u0131s\u0131ndan da \u00f6nemlidir. Savc\u0131lar su haberi geldi\u011finde ya da bu su\u00e7un olu\u015ftu\u011funa bizzat \u015fahit olduklar\u0131nda devlet ad\u0131na ara\u015ft\u0131rma ve soru\u015fturma y\u00fcr\u00fcten ki\u015filerdir. Ara\u015ft\u0131rmalar\u0131 ve soru\u015fturmalar\u0131 tamamland\u0131ktan sonra olay hakk\u0131nda bir iddianame haz\u0131rlarlar. Ba\u015fl\u0131ca g\u00f6rev ve sorumluluklar\u0131 aras\u0131nda ise \u015funlar yer al\u0131r:<\/p>\n<ul>\n<li>Ma\u011fdurlar\u0131n haklar\u0131n\u0131 kanun \u00e7er\u00e7evesinde savunmak<\/li>\n<li>\u0130ddianameler haz\u0131rlamak<\/li>\n<li>Kasten adam \u00f6ld\u00fcrmek ya da taksirle birinin ya\u015fam\u0131na son vermek gibi \u00e7e\u015fitli durumlarda adli t\u0131p muayene tespiti ger\u00e7ekle\u015ftirmek<\/li>\n<li>Davaya konu olan taraflar ile ilgili olarak \u00e7e\u015fitli kan\u0131tlar\u0131n toplanmas\u0131n\u0131 sa\u011flamak<\/li>\n<li>Savc\u0131l\u0131k mesle\u011finin en \u00f6nemli g\u00f6rev ve sorumluluklar\u0131 aras\u0131nda yer al\u0131r.<\/li>\n<\/ul>\n<p><a href=\"https:\/\/tr.wikipedia.org\/wiki\/Savc%C4%B1\" target=\"_blank\" rel=\"noopener\">Savc\u0131l\u0131k mesle\u011fi<\/a>nin de kendi i\u00e7inde \u00e7e\u015fitleri vard\u0131r. Cumhuriyet savc\u0131s\u0131 en bilinen savc\u0131l\u0131k t\u00fcr\u00fcd\u00fcr. \u00dcniversitelerin 4 y\u0131ll\u0131k hukuk fak\u00fcltelerini bitiren ki\u015filer s\u0131navlara girerek cumhuriyet savc\u0131s\u0131 olabilirler. Bir di\u011feri ise dan\u0131\u015ftay savc\u0131s\u0131d\u0131r. Ki\u015filer ilgili b\u00f6l\u00fcmlerden mezun olduktan sonra Adalet Bakanl\u0131\u011f\u0131 ve \u00d6SYM taraf\u0131ndan haz\u0131rlanan s\u0131navlarda ba\u015far\u0131l\u0131 olmal\u0131 ve stajyer idari hakim olarak \u00e7al\u0131\u015fmal\u0131d\u0131rlar. \u015eartlar\u0131 yerine getirenler yeterli tecr\u00fcbeye de sahiplerse Dan\u0131\u015ftay savc\u0131s\u0131 olabilirler.<\/p>\n<h2><span class=\"ez-toc-section\" id=\"Guncel_Savci_Maaslari\"><\/span><strong>G\u00fcncel Savc\u0131 Maa\u015flar\u0131<\/strong><span class=\"ez-toc-section-end\"><\/span><\/h2>\n<p><strong>G\u00fcncel savc\u0131 maa\u015flar\u0131<\/strong> yeni zamlarla birlikte art\u0131\u015f g\u00f6steren maa\u015flar aras\u0131nda yer almaktad\u0131r. Savc\u0131lar\u0131n maa\u015flar\u0131 bulunduklar\u0131 konuma g\u00f6re farkl\u0131l\u0131k g\u00f6stermektedir. Devlet ad\u0131na ceza davalar\u0131 a\u00e7an bu ki\u015filerin g\u00f6reve ba\u015flama s\u00fcreleri de maa\u015flar\u0131 \u00fczerinde farkl\u0131l\u0131k g\u00f6stermektedir. Savc\u0131lar\u0131n maa\u015flar\u0131 hakk\u0131nda bilgi edinmek istenildi\u011finde \u00f6ncelikle savc\u0131 olan ki\u015finin ka\u00e7 y\u0131ld\u0131r g\u00f6revde oldu\u011funa bak\u0131lmal\u0131d\u0131r.<\/p>\n<p>Bunun yan\u0131nda <strong>stajyer savc\u0131<\/strong> ile g\u00f6revde kadrolu olarak g\u00f6revine devam eden savc\u0131n\u0131n da maa\u015flar\u0131 farkl\u0131l\u0131k g\u00f6sterir. Savc\u0131 maa\u015flar\u0131 2025 y\u0131l\u0131nda ortalama olarak 105.600 TL civar\u0131nda maa\u015f almaktad\u0131r. Maa\u015flar\u0131n farkl\u0131l\u0131k g\u00f6stermesinde birtak\u0131m fakt\u00f6rler g\u00f6z \u00f6n\u00fcnde bulundurulmaktad\u0131r.<\/p>\n<table>\n<thead>\n<tr>\n<th>Savc\u0131 T\u00fcr\u00fc<\/th>\n<th>\u00d6nceki Maa\u015f (TL)<\/th>\n<th>Zaml\u0131 Maa\u015f (TL)<\/th>\n<\/tr>\n<\/thead>\n<tbody>\n<tr>\n<td>Cumhuriyet Savc\u0131s\u0131<\/td>\n<td>60.000 \u2013 113.000<\/td>\n<td>70.000 \u2013 125.000<\/td>\n<\/tr>\n<tr>\n<td>1. S\u0131n\u0131f Savc\u0131<\/td>\n<td>90.000 \u2013 125.000<\/td>\n<td>90.000 \u2013 125.000<\/td>\n<\/tr>\n<tr>\n<td>10 Y\u0131ll\u0131k Savc\u0131<\/td>\n<td>90.000 \u2013 125.000<\/td>\n<td>90.000 \u2013 125.000<\/td>\n<\/tr>\n<\/tbody>\n<\/table>\n<p>&nbsp;<\/p>\n<table>\n<thead>\n<tr>\n<th>Unvan<\/th>\n<th>\u00d6nceki Maa\u015f (TL)<\/th>\n<th>Zaml\u0131 Maa\u015f (TL)<\/th>\n<\/tr>\n<\/thead>\n<tbody>\n<tr>\n<td>Stajyer Hakim Savc\u0131<\/td>\n<td>52.000<\/td>\n<td>58.006<\/td>\n<\/tr>\n<\/tbody>\n<\/table>\n<p>&nbsp;<\/p>\n<h3><span class=\"ez-toc-section\" id=\"Emekli_Savci_Maasi\"><\/span><strong>Emekli Savc\u0131 Maa\u015f\u0131<\/strong><span class=\"ez-toc-section-end\"><\/span><\/h3>\n<p>Savc\u0131lar\u0131n emekli olma ya\u015flar\u0131 65\u2019tir. Ancak 67 ya\u015fa \u00e7\u0131kar\u0131lmas\u0131 da de\u011ferlendirmeler aras\u0131nda yer almaktad\u0131r. <strong>Emekli savc\u0131 maa\u015f\u0131<\/strong> ise emeklilik kademesine g\u00f6re farkl\u0131l\u0131k g\u00f6sterir. <strong>Ba\u015fsavc\u0131 maa\u015f\u0131<\/strong> ile normal savc\u0131 olarak emekli olanlar\u0131n da maa\u015flar\u0131 farkl\u0131d\u0131r. Bu nedenle emekli savc\u0131lar\u0131n net maa\u015flar\u0131 hakk\u0131nda bilgi vermek m\u00fcmk\u00fcn olmaz. Ancak ortalama olarak Emekli Savc\u0131 maa\u015flar\u0131 <strong>51.000<span class=\"S1PPyQ\">\u20ba<\/span><\/strong>&#8216;dir<\/p>\n<p>&nbsp;<\/p>\n<blockquote class=\"wp-block-quote\"><p><em><br \/>\n<a href=\"https:\/\/petinya.org\/blog\/yunus-polis-maasi\/\">Yunus Polis Maa\u015f\u0131 2023<\/a><\/em><\/p><\/blockquote>\n<div id=\"ez-toc-container\" class=\"ez-toc-v2_0_82_2 counter-hierarchy ez-toc-counter ez-toc-grey ez-toc-container-direction\">\n<div class=\"ez-toc-title-container\">\n<p class=\"ez-toc-title\" style=\"cursor:inherit\">\u0130\u00e7indekiler<\/p>\n<span class=\"ez-toc-title-toggle\"><a href=\"#\" class=\"ez-toc-pull-right ez-toc-btn ez-toc-btn-xs ez-toc-btn-default ez-toc-toggle\" aria-label=\"\u0130\u00e7indekiler Tablosunu A\u00e7\/Kapat\"><span class=\"ez-toc-js-icon-con\"><span class=\"\"><span class=\"eztoc-hide\" style=\"display:none;\">Toggle<\/span><span class=\"ez-toc-icon-toggle-span\"><svg style=\"fill: #999;color:#999\" xmlns=\"http:\/\/www.w3.org\/2000\/svg\" class=\"list-377408\" width=\"20px\" height=\"20px\" viewBox=\"0 0 24 24\" fill=\"none\"><path d=\"M6 6H4v2h2V6zm14 0H8v2h12V6zM4 11h2v2H4v-2zm16 0H8v2h12v-2zM4 16h2v2H4v-2zm16 0H8v2h12v-2z\" fill=\"currentColor\"><\/path><\/svg><svg style=\"fill: #999;color:#999\" class=\"arrow-unsorted-368013\" xmlns=\"http:\/\/www.w3.org\/2000\/svg\" width=\"10px\" height=\"10px\" viewBox=\"0 0 24 24\" version=\"1.2\" baseProfile=\"tiny\"><path d=\"M18.2 9.3l-6.2-6.3-6.2 6.3c-.2.2-.3.4-.3.7s.1.5.3.7c.2.2.4.3.7.3h11c.3 0 .5-.1.7-.3.2-.2.3-.5.3-.7s-.1-.5-.3-.7zM5.8 14.7l6.2 6.3 6.2-6.3c.2-.2.3-.5.3-.7s-.1-.5-.3-.7c-.2-.2-.4-.3-.7-.3h-11c-.3 0-.5.1-.7.3-.2.2-.3.5-.3.7s.1.5.3.7z\"\/><\/svg><\/span><\/span><\/span><\/a><\/span><\/div>\n<nav><ul class='ez-toc-list ez-toc-list-level-1 eztoc-toggle-hide-by-default' ><li class='ez-toc-page-1 ez-toc-heading-level-2'><a class=\"ez-toc-link ez-toc-heading-1\" href=\"https:\/\/petinya.org\/blog\/savci-maasi\/#Savci_Ne_Is_Yapar\" >Savc\u0131 Ne \u0130\u015f Yapar?<\/a><\/li><li class='ez-toc-page-1 ez-toc-heading-level-2'><a class=\"ez-toc-link ez-toc-heading-2\" href=\"https:\/\/petinya.org\/blog\/savci-maasi\/#Guncel_Savci_Maaslari\" >G\u00fcncel Savc\u0131 Maa\u015flar\u0131<\/a><ul class='ez-toc-list-level-3' ><li class='ez-toc-heading-level-3'><a class=\"ez-toc-link ez-toc-heading-3\" href=\"https:\/\/petinya.org\/blog\/savci-maasi\/#Emekli_Savci_Maasi\" >Emekli Savc\u0131 Maa\u015f\u0131<\/a><\/li><\/ul><\/li><\/ul><\/nav><\/div>\n","protected":false},"excerpt":{"rendered":"<p>G\u00fcncel Savc\u0131 Maa\u015flar\u0131, Stajyer Savc\u0131 Maa\u015f\u0131 Ne Kadar? Birinci S\u0131n\u0131f Savc\u0131 Maa\u015f\u0131 &#8211; Emekli Savc\u0131 Maa\u015f\u0131 &#8211; Savc\u0131 Maa\u015flar\u0131 Ne Kadar? Savc\u0131 maa\u015flar\u0131 en \u00e7ok merak edilen meslek gruplar\u0131 aras\u0131nda yer al\u0131r. Devlet &#8230; <\/p>\n<p class=\"read-more-container\"><a title=\"Savc\u0131 Maa\u015f\u0131 Ne Kadar 2025 G\u00fcncel\" class=\"read-more button\" href=\"https:\/\/petinya.org\/blog\/savci-maasi\/#more-5213\" aria-label=\"Read more about Savc\u0131 Maa\u015f\u0131 Ne Kadar 2025 G\u00fcncel\">Devam\u0131n\u0131 Oku<\/a><\/p>\n","protected":false},"author":1,"featured_media":13744,"comment_status":"open","ping_status":"closed","sticky":false,"template":"","format":"standard","meta":{"footnotes":""},"categories":[6],"tags":[],"class_list":["post-5213","post","type-post","status-publish","format-standard","has-post-thumbnail","hentry","category-maaslar"],"views":853,"_links":{"self":[{"href":"https:\/\/petinya.org\/blog\/wp-json\/wp\/v2\/posts\/5213","targetHints":{"allow":["GET"]}}],"collection":[{"href":"https:\/\/petinya.org\/blog\/wp-json\/wp\/v2\/posts"}],"about":[{"href":"https:\/\/petinya.org\/blog\/wp-json\/wp\/v2\/types\/post"}],"author":[{"embeddable":true,"href":"https:\/\/petinya.org\/blog\/wp-json\/wp\/v2\/users\/1"}],"replies":[{"embeddable":true,"href":"https:\/\/petinya.org\/blog\/wp-json\/wp\/v2\/comments?post=5213"}],"version-history":[{"count":0,"href":"https:\/\/petinya.org\/blog\/wp-json\/wp\/v2\/posts\/5213\/revisions"}],"wp:featuredmedia":[{"embeddable":true,"href":"https:\/\/petinya.org\/blog\/wp-json\/wp\/v2\/media\/13744"}],"wp:attachment":[{"href":"https:\/\/petinya.org\/blog\/wp-json\/wp\/v2\/media?parent=5213"}],"wp:term":[{"taxonomy":"category","embeddable":true,"href":"https:\/\/petinya.org\/blog\/wp-json\/wp\/v2\/categories?post=5213"},{"taxonomy":"post_tag","embeddable":true,"href":"https:\/\/petinya.org\/blog\/wp-json\/wp\/v2\/tags?post=5213"}],"curies":[{"name":"wp","href":"https:\/\/api.w.org\/{rel}","templated":true}]}}