{"id":5185,"date":"2022-01-11T19:33:15","date_gmt":"2022-01-11T19:33:15","guid":{"rendered":"https:\/\/petinya.org\/blog\/?p=223"},"modified":"2022-01-11T19:33:15","modified_gmt":"2022-01-11T19:33:15","slug":"kayseri-universitesi-sozlesmeli-personel-alimi-2022","status":"publish","type":"post","link":"https:\/\/petinya.org\/blog\/kayseri-universitesi-sozlesmeli-personel-alimi-2022\/","title":{"rendered":"Kayseri \u00dcniversitesi S\u00f6zle\u015fmeli Personel Al\u0131m\u0131 2022"},"content":{"rendered":"<h2><span class=\"ez-toc-section\" id=\"Kayseri_Universitesi_Sozlesmeli_Personel_Alimi_2022\"><\/span>Kayseri \u00dcniversitesi S\u00f6zle\u015fmeli Personel Al\u0131m\u0131 2022<span class=\"ez-toc-section-end\"><\/span><\/h2>\n<p>&nbsp;<\/p>\n<p>Kayseri \u00dcniversitesi S\u00f6zle\u015fmeli Personel Al\u0131m\u0131\u00a0 657 say\u0131l\u0131 Devlet Memurlar\u0131 Kanunu&#8217;nun 4 \u00fcnc\u00fc maddesinin (B) f\u0131kras\u0131na g\u00f6re S\u00f6zle\u015fmeli Personel olarak istihdam edilmek \u00fczere 06.06.1978 tarihli ve 7\/15754 say\u0131l\u0131 Bakanlar Kurulu Karar\u0131 ile y\u00fcr\u00fcrl\u00fc\u011fe konulan S\u00f6zle\u015fmeli Personel \u00c7al\u0131\u015ft\u0131r\u0131lmas\u0131na \u0130li\u015fkin Esaslar&#8217;\u0131n Ek 2 inci maddesinin (b) f\u0131kras\u0131na g\u00f6re 2020 KPSS (B) grubu puan s\u0131ras\u0131 esas al\u0131nmak suretiyle s\u00f6zle\u015fmeli personel al\u0131nacakt\u0131r.<\/p>\n<p>&nbsp;<\/p>\n<p><a class=\"zoom\" href=\"https:\/\/ilan.memurlar.net\/common\/job\/advert\/documents\/63482\/8_000001.jpg\" target=\"_img\" rel=\"noopener\"><img decoding=\"async\" src=\"https:\/\/ilan.memurlar.net\/common\/job\/advert\/documents\/63482\/8_000001.jpg\" \/><\/a><\/p>\n<h2><span class=\"ez-toc-section\" id=\"KAYSERI_UNIVERSITESI_GENEL_VE_OZEL_SARTLAR\"><\/span>KAYSER\u0130 \u00dcN\u0130VERS\u0130TES\u0130 GENEL VE \u00d6ZEL \u015eARTLAR<span class=\"ez-toc-section-end\"><\/span><\/h2>\n<p>&#8211; Ba\u015fvuracak adaylarda yukar\u0131da belirtilen \u00f6zel \u015fartlar ile 657 say\u0131l\u0131 Kanun&#8217;un 48. maddesinde belirtilen \u015fartlara haiz olmak,<\/p>\n<p>&#8211; Son ba\u015fvuru tarihi itibariyle ge\u00e7erlilik s\u00fcresi dolmam\u0131\u015f silahl\u0131\/silahs\u0131z \u00f6zel g\u00fcvenlik g\u00f6revlisi kimlik kart\u0131na sahip olmak,<\/p>\n<p>(As\u0131l listeye giren adaylar\u0131n g\u00f6reve ba\u015flayacaklar\u0131 tarihte belgenin ge\u00e7erlilik s\u00fcresinin dolmam\u0131\u015f olmas\u0131 gerekir.)<\/p>\n<p>&#8211; 10\/06\/2004 tarihli ve 5188 say\u0131l\u0131 \u00d6zel G\u00fcvenlik Hizmetlerine Dair Kanun&#8217;un 10 uncu maddesinde yer alan \u015fartlar\u0131 ta\u015f\u0131mak,<\/p>\n<p>&#8211; 7315 say\u0131l\u0131 G\u00fcvenlik Soru\u015fturmas\u0131 ve Ar\u015fiv Ara\u015ft\u0131rmas\u0131 Kanunu uyar\u0131nca yapt\u0131r\u0131lacak olan G\u00fcvenlik Soru\u015fturmas\u0131\/Ar\u015fiv Ara\u015ft\u0131rmas\u0131 sonucu olumlu olmak,<\/p>\n<p>&#8211; G\u00f6revini devaml\u0131 yapmas\u0131na engel olabilecek psikiyatrik hastal\u0131\u011f\u0131 bulunmamak, bedensel \u00f6z\u00fcrl\u00fc olmamak, \u015fa\u015f\u0131l\u0131k, k\u00f6rl\u00fck, topall\u0131k, i\u015fitme kayb\u0131, y\u00fcz \u00e7ehresinde sabit eser, uzuv noksanl\u0131\u011f\u0131, kekemelik ve benzeri engeller bulunmamak,<\/p>\n<p>&#8211; V\u00fccutta g\u00f6r\u00fcnecek \u015fekilde d\u00f6vmesi bulunmamak,<\/p>\n<p>&#8211; Adaylar\u0131n yirmi d\u00f6rt saat esas\u0131na g\u00f6re vardiyal\u0131 \u00e7al\u0131\u015fmas\u0131na ve i\u00e7\/d\u0131\u015f mekanlarda \u00e7al\u0131\u015fmas\u0131na engel durumu bulunmamak.<\/p>\n<p>&#8211; Herhangi bir Sosyal G\u00fcvenlik Kurumundan, emeklilik veya ya\u015fl\u0131l\u0131k ayl\u0131\u011f\u0131 alm\u0131yor olmak.<\/p>\n<p>&nbsp;<\/p>\n<h2><span class=\"ez-toc-section\" id=\"KAYSERI_UNIVERSITESI_BASVURU_SEKLI_VE_YERI\"><\/span>KAYSER\u0130 \u00dcN\u0130VERS\u0130TES\u0130 BA\u015eVURU \u015eEKL\u0130 VE YER\u0130<span class=\"ez-toc-section-end\"><\/span><\/h2>\n<p>&#8211; M\u00fcracaatlar ilan\u0131n Resmi Gazete&#8217;de yay\u0131mland\u0131\u011f\u0131 tarih itibariyle 15 g\u00fcn i\u00e7erisinde (mesai bitimine kadar) Kayseri \u00dcniversitesi Rekt\u00f6rl\u00fc\u011f\u00fc (15 Temmuz Yerle\u015fkesi) Evrak Kay\u0131t Birimine \u015fahsen\/posta ile yap\u0131lacakt\u0131r.<\/p>\n<div id=\"ez-toc-container\" class=\"ez-toc-v2_0_82_2 counter-hierarchy ez-toc-counter ez-toc-grey ez-toc-container-direction\">\n<div class=\"ez-toc-title-container\">\n<p class=\"ez-toc-title\" style=\"cursor:inherit\">\u0130\u00e7indekiler<\/p>\n<span class=\"ez-toc-title-toggle\"><a href=\"#\" class=\"ez-toc-pull-right ez-toc-btn ez-toc-btn-xs ez-toc-btn-default ez-toc-toggle\" aria-label=\"\u0130\u00e7indekiler Tablosunu A\u00e7\/Kapat\"><span class=\"ez-toc-js-icon-con\"><span class=\"\"><span class=\"eztoc-hide\" style=\"display:none;\">Toggle<\/span><span class=\"ez-toc-icon-toggle-span\"><svg style=\"fill: #999;color:#999\" xmlns=\"http:\/\/www.w3.org\/2000\/svg\" class=\"list-377408\" width=\"20px\" height=\"20px\" viewBox=\"0 0 24 24\" fill=\"none\"><path d=\"M6 6H4v2h2V6zm14 0H8v2h12V6zM4 11h2v2H4v-2zm16 0H8v2h12v-2zM4 16h2v2H4v-2zm16 0H8v2h12v-2z\" fill=\"currentColor\"><\/path><\/svg><svg style=\"fill: #999;color:#999\" class=\"arrow-unsorted-368013\" xmlns=\"http:\/\/www.w3.org\/2000\/svg\" width=\"10px\" height=\"10px\" viewBox=\"0 0 24 24\" version=\"1.2\" baseProfile=\"tiny\"><path d=\"M18.2 9.3l-6.2-6.3-6.2 6.3c-.2.2-.3.4-.3.7s.1.5.3.7c.2.2.4.3.7.3h11c.3 0 .5-.1.7-.3.2-.2.3-.5.3-.7s-.1-.5-.3-.7zM5.8 14.7l6.2 6.3 6.2-6.3c.2-.2.3-.5.3-.7s-.1-.5-.3-.7c-.2-.2-.4-.3-.7-.3h-11c-.3 0-.5.1-.7.3-.2.2-.3.5-.3.7s.1.5.3.7z\"\/><\/svg><\/span><\/span><\/span><\/a><\/span><\/div>\n<nav><ul class='ez-toc-list ez-toc-list-level-1 eztoc-toggle-hide-by-default' ><li class='ez-toc-page-1 ez-toc-heading-level-2'><a class=\"ez-toc-link ez-toc-heading-1\" href=\"https:\/\/petinya.org\/blog\/kayseri-universitesi-sozlesmeli-personel-alimi-2022\/#Kayseri_Universitesi_Sozlesmeli_Personel_Alimi_2022\" >Kayseri \u00dcniversitesi S\u00f6zle\u015fmeli Personel Al\u0131m\u0131 2022<\/a><\/li><li class='ez-toc-page-1 ez-toc-heading-level-2'><a class=\"ez-toc-link ez-toc-heading-2\" href=\"https:\/\/petinya.org\/blog\/kayseri-universitesi-sozlesmeli-personel-alimi-2022\/#KAYSERI_UNIVERSITESI_GENEL_VE_OZEL_SARTLAR\" >KAYSER\u0130 \u00dcN\u0130VERS\u0130TES\u0130 GENEL VE \u00d6ZEL \u015eARTLAR<\/a><\/li><li class='ez-toc-page-1 ez-toc-heading-level-2'><a class=\"ez-toc-link ez-toc-heading-3\" href=\"https:\/\/petinya.org\/blog\/kayseri-universitesi-sozlesmeli-personel-alimi-2022\/#KAYSERI_UNIVERSITESI_BASVURU_SEKLI_VE_YERI\" >KAYSER\u0130 \u00dcN\u0130VERS\u0130TES\u0130 BA\u015eVURU \u015eEKL\u0130 VE YER\u0130<\/a><\/li><\/ul><\/nav><\/div>\n","protected":false},"excerpt":{"rendered":"<p>Kayseri \u00dcniversitesi S\u00f6zle\u015fmeli Personel Al\u0131m\u0131 2022 &nbsp; Kayseri \u00dcniversitesi S\u00f6zle\u015fmeli Personel Al\u0131m\u0131\u00a0 657 say\u0131l\u0131 Devlet Memurlar\u0131 Kanunu&#8217;nun 4 \u00fcnc\u00fc maddesinin (B) f\u0131kras\u0131na g\u00f6re S\u00f6zle\u015fmeli Personel olarak istihdam edilmek \u00fczere 06.06.1978 tarihli ve 7\/15754 &#8230; <\/p>\n<p class=\"read-more-container\"><a title=\"Kayseri \u00dcniversitesi S\u00f6zle\u015fmeli Personel Al\u0131m\u0131 2022\" class=\"read-more button\" href=\"https:\/\/petinya.org\/blog\/kayseri-universitesi-sozlesmeli-personel-alimi-2022\/#more-5185\" aria-label=\"Read more about Kayseri \u00dcniversitesi S\u00f6zle\u015fmeli Personel Al\u0131m\u0131 2022\">Devam\u0131n\u0131 Oku<\/a><\/p>\n","protected":false},"author":1,"featured_media":5100,"comment_status":"open","ping_status":"closed","sticky":false,"template":"","format":"standard","meta":{"footnotes":""},"categories":[6],"tags":[],"class_list":["post-5185","post","type-post","status-publish","format-standard","has-post-thumbnail","hentry","category-maaslar","resize-featured-image"],"views":274,"_links":{"self":[{"href":"https:\/\/petinya.org\/blog\/wp-json\/wp\/v2\/posts\/5185","targetHints":{"allow":["GET"]}}],"collection":[{"href":"https:\/\/petinya.org\/blog\/wp-json\/wp\/v2\/posts"}],"about":[{"href":"https:\/\/petinya.org\/blog\/wp-json\/wp\/v2\/types\/post"}],"author":[{"embeddable":true,"href":"https:\/\/petinya.org\/blog\/wp-json\/wp\/v2\/users\/1"}],"replies":[{"embeddable":true,"href":"https:\/\/petinya.org\/blog\/wp-json\/wp\/v2\/comments?post=5185"}],"version-history":[{"count":0,"href":"https:\/\/petinya.org\/blog\/wp-json\/wp\/v2\/posts\/5185\/revisions"}],"wp:featuredmedia":[{"embeddable":true,"href":"https:\/\/petinya.org\/blog\/wp-json\/wp\/v2\/media\/5100"}],"wp:attachment":[{"href":"https:\/\/petinya.org\/blog\/wp-json\/wp\/v2\/media?parent=5185"}],"wp:term":[{"taxonomy":"category","embeddable":true,"href":"https:\/\/petinya.org\/blog\/wp-json\/wp\/v2\/categories?post=5185"},{"taxonomy":"post_tag","embeddable":true,"href":"https:\/\/petinya.org\/blog\/wp-json\/wp\/v2\/tags?post=5185"}],"curies":[{"name":"wp","href":"https:\/\/api.w.org\/{rel}","templated":true}]}}