{"id":221,"date":"2021-03-20T16:17:18","date_gmt":"2021-03-20T13:17:18","guid":{"rendered":"https:\/\/www.petinya.org\/blog\/?p=221"},"modified":"2021-03-20T16:17:18","modified_gmt":"2021-03-20T13:17:18","slug":"gelisim-vakti","status":"publish","type":"post","link":"https:\/\/petinya.org\/blog\/gelisim-vakti\/","title":{"rendered":"Geli\u015fim Vakti"},"content":{"rendered":"<p><strong>Geli\u015fim Vakti!<\/strong> Hayat\u0131m\u0131zdan ak\u0131p giden zaman\u0131n fark\u0131na var\u0131p kendimize gelmemiz gerekiyor. Ya\u015fad\u0131\u011f\u0131m\u0131z zorluklar\u0131n \u00fcstesinden gelip geli\u015fime odaklanmal\u0131y\u0131z&#8230;\u0130\u015fte \u015fimdi <em><strong>Geli\u015fim Vakti!<\/strong><\/em><\/p>\n<p>De\u011fi\u015fim ve geli\u015fim i\u00e7in zincirleri k\u0131rman\u0131n tam vakti!<\/p>\n<p>Saniyeler ak\u0131p gidiyor, \u00e7evremize bak\u0131nca olaylar h\u0131zla geli\u015fiyor.. Biz ise \u015fu an ne yap\u0131yoruz? Bu hayatta kendine bir \u015feyler katmak ve kendini geli\u015ftirmek istiyorsan art\u0131k aya\u011fa kalk\u0131p harekete ge\u00e7men laz\u0131m..<\/p>\n<h2><span class=\"ez-toc-section\" id=\"Peki_nereden_baslamaliyim_ve_ne_yapmaliyim\"><\/span>Peki nereden ba\u015flamal\u0131y\u0131m ve ne yapmal\u0131y\u0131m?<span class=\"ez-toc-section-end\"><\/span><\/h2>\n<p><em><strong>Geli\u015fim Vakti!<\/strong><\/em> Evet bir\u00e7o\u011fumuzun sorunu da tam olarak bu, ba\u015flamak istedi\u011fimiz bir\u00e7ok \u015feye nereden ve nas\u0131l ba\u015flayaca\u011f\u0131m\u0131z\u0131 bilemeyiz.. Bir e\u011fitmen ya da bir deste\u011fe ihtiya\u00e7 duyar\u0131z.. Gelin hep birlikte detayl\u0131 bakal\u0131m bu konuya. \u00d6ncelikle bir \u015feyi \u00f6\u011frenmek i\u00e7in \u00f6ncelikle ara\u015ft\u0131rmam\u0131z gerekiyor. Ard\u0131ndan bunu kavrayabilmemiz i\u00e7in de prati\u011fe d\u00f6kmemiz yani uygulamam\u0131z laz\u0131m. Bunun devaml\u0131l\u0131\u011f\u0131 i\u00e7in s\u00fcrekli olarak al\u0131\u015ft\u0131rma yapmak gerekiyor.. T\u00fcm bunlar\u0131 yaparsak ancak o \u015fekilde bir \u015feyi \u00f6\u011frenebilir ve kendimizi geli\u015ftirebiliriz. Mesela sizlere birka\u00e7 tavsiyede bulunay\u0131m ! \u0130lk \u00f6nce \u00f6\u011frenmek istedi\u011finiz konuyu ara\u015ft\u0131r\u0131n \u00f6\u011frenece\u011finiz \u015feyi birka\u00e7 farkl\u0131 kanaldan inceleyin. \u00d6rnek Udemy\u2019deki e\u011fitimlerden, Youtube\u2019deki videolardan faydalanabilirsiniz. Sonras\u0131nda fark\u0131 anlay\u0131p kendi stilinizi yarat\u0131n! Ard\u0131ndan sizin alan\u0131n\u0131za uygun topluluklara kat\u0131l\u0131n. Mesela teknolojiyle ilgileniyorsan\u0131z zaten bir\u00e7ok topluluk mevcut. Farkl\u0131 sekt\u00f6r ve alanda iseniz o alanla ilgili topluluklara gruplara dahil olun. \u00c7\u00fcnk\u00fc sizin ba\u015flayaca\u011f\u0131n\u0131z yola daha \u00f6nce ba\u015flam\u0131\u015f ki\u015filerden destek al\u0131rsan\u0131z. Sizin geli\u015fiminize yard\u0131mc\u0131 olurlar ve daha k\u0131sa s\u00fcrede daha fazla yol kat edebilirsiniz..<\/p>\n<p><strong>Geli\u015fim Vakti!<\/strong> \u015eimdi s\u0131ra kendimizi geli\u015ftirmenin s\u0131ras\u0131\u2026 \u00d6\u011frendik, uygulad\u0131k ve bundan sonras\u0131 geli\u015fime odaklanmam\u0131z gereken k\u0131s\u0131m.. Nas\u0131l yapaca\u011f\u0131z \u015f\u00f6yle anlatay\u0131m sizlere. \u00d6\u011frendiklerimizi birilerine veya bir yerlere anlatarak-payla\u015farak bunu kavrayaca\u011f\u0131z. Yeni fikirler \u00fcreterek \u00f6\u011frendi\u011fimiz \u015feyi farkl\u0131 \u015fekillere uyarlayarak yeni \u015feyler \u00f6\u011frenece\u011fiz. Kar\u015f\u0131la\u015ft\u0131\u011f\u0131m\u0131z sorunlar\u0131 \u00e7\u00f6zecek kaynaklara ba\u015fvurarak sorunlar\u0131n \u00fcstesinden gelmeye \u00e7al\u0131\u015faca\u011f\u0131z..<\/p>\n<p><em><strong>Geli\u015fim Vakti!<\/strong><\/em> Hayat\u0131n\u0131z boyunca geli\u015fim ve de\u011fi\u015fime yer verin mutlaka. \u00c7\u00fcnk\u00fc geli\u015fime kapal\u0131 olursan\u0131z veya de\u011fi\u015fmekten korkarsan\u0131z hayat siz bir yaprak gibi r\u00fczgar\u0131nda savurur. Kendinizden emin olun her zaman ve asla korkmay\u0131n! Her \u015fey sizin elinizde. Ba\u015far\u0131ya odaklan ve ad\u0131m atmaktan korkma. <a href=\"https:\/\/instituteofyou.org\/how-to-make-time-personal-development\/\" target=\"_blank\" rel=\"noopener\">Geli\u015fim<\/a>, bir insana yeni \u00f6zellikler kazand\u0131rmas\u0131d\u0131r. De\u011fi\u015fim ise bir insanda var olan \u00f6zelliklerin farkl\u0131la\u015fmas\u0131d\u0131r. Bunlar\u0131n dengesini korumak \u00e7ok \u00f6nemlidir. Geli\u015feyim derken veya de\u011fi\u015feyim derken kendi benli\u011finizden uzakla\u015fmay\u0131n.<\/p>\n<p>\u00c7ocuklu\u011fumuza d\u00f6necek olursak biz d\u00fcnyaya geldikten sonra bir\u00e7ok \u015feyi hatta hi\u00e7bir \u015feyi bilmiyorduk. Bunlar\u0131 zamanla kazand\u0131k ve deneyimledik. Y\u00fcr\u00fcmeden \u00f6nce emekliyorduk, ko\u015fmadan \u00f6nce de y\u00fcr\u00fcyorduk. Hayat da b\u00f6yle her \u015feyin belli bir d\u00fczeni ve s\u0131ras\u0131 var. Hayat\u0131n\u0131z\u0131 i\u015fkenceye d\u00f6n\u00fc\u015ft\u00fcrmeyin, her ge\u00e7en g\u00fcn yeni \u015feyler deneyimleyin ve her ge\u00e7en g\u00fcn yeni \u015feyler \u00f6\u011frenin. Hayat k\u0131sa ve sen bug\u00fcn\u00fc \u00e7\u00f6pe atmak yerine bir \u015feyler ara\u015ft\u0131r\u0131p \u00f6\u011frenebilirsin yani kendini geli\u015ftirmek i\u00e7in bir ad\u0131m atabilirsin. ( <a href=\"https:\/\/petinya.org\/blog\/en-iyi-kisisel-gelisim-kitaplari\/\">En iyi ki\u015fisel geli\u015fim kitaplar\u0131<\/a>)<\/p>\n<h2><span class=\"ez-toc-section\" id=\"Ve_gel_gelelim_gelisim_aninda_yapacaginiz_degisimlere%E2%80%A6\"><\/span>Ve gel gelelim geli\u015fim an\u0131nda yapaca\u011f\u0131n\u0131z de\u011fi\u015fimlere\u2026<span class=\"ez-toc-section-end\"><\/span><\/h2>\n<p><em><strong>Geli\u015fim Vakti!<\/strong><\/em>\u00a0 Hayat\u0131n\u0131zda art\u0131k bir \u015feyleri de\u011fi\u015ftirmemiz gerekiyor art\u0131k yenili\u011fe ad\u0131m at\u0131p kendimizi geli\u015ftirmemiz laz\u0131m. \u00d6ncelikle hayat\u0131m\u0131z\u0131 d\u00fczene koymam\u0131z gerekir yani \u00f6nceli\u011fimiz yeme i\u00e7me d\u00fczeni ve uyku d\u00fczenimiz olmal\u0131. Ortalama 7 ila 9 saat aral\u0131\u011f\u0131nda bir uyku idealdir. Uyku problemi ya\u015famamak i\u00e7in erken uyumay\u0131 ve erken uyanmay\u0131 tercih etmelisiniz. Sabah sporu yapacak imkan yok ise birka\u00e7 egzersiz yaparak kendinizi zinde tutabilirsiniz. Bu vesile ile uykulu halinizden \u00e7ok \u00e7abuk kurtulabilirsiniz. Ve t\u00fcm bunlar\u0131 d\u00fczene oturttuktan sonra art\u0131k ilk ad\u0131mlar\u0131 atm\u0131\u015f bulunmakta ve geli\u015fim i\u00e7in haz\u0131r durumday\u0131zd\u0131r.<\/p>\n<p>Hayat bir tren gibidir h\u0131zl\u0131ca gelir ve ge\u00e7er. Zaman\u0131n k\u0131ymetini bil ve kendine haks\u0131zl\u0131k etmeden hemen harekete ge\u00e7!<\/p>\n<div id=\"ez-toc-container\" class=\"ez-toc-v2_0_82_2 counter-hierarchy ez-toc-counter ez-toc-grey ez-toc-container-direction\">\n<div class=\"ez-toc-title-container\">\n<p class=\"ez-toc-title\" style=\"cursor:inherit\">\u0130\u00e7indekiler<\/p>\n<span class=\"ez-toc-title-toggle\"><a href=\"#\" class=\"ez-toc-pull-right ez-toc-btn ez-toc-btn-xs ez-toc-btn-default ez-toc-toggle\" aria-label=\"\u0130\u00e7indekiler Tablosunu A\u00e7\/Kapat\"><span class=\"ez-toc-js-icon-con\"><span class=\"\"><span class=\"eztoc-hide\" style=\"display:none;\">Toggle<\/span><span class=\"ez-toc-icon-toggle-span\"><svg style=\"fill: #999;color:#999\" xmlns=\"http:\/\/www.w3.org\/2000\/svg\" class=\"list-377408\" width=\"20px\" height=\"20px\" viewBox=\"0 0 24 24\" fill=\"none\"><path d=\"M6 6H4v2h2V6zm14 0H8v2h12V6zM4 11h2v2H4v-2zm16 0H8v2h12v-2zM4 16h2v2H4v-2zm16 0H8v2h12v-2z\" fill=\"currentColor\"><\/path><\/svg><svg style=\"fill: #999;color:#999\" class=\"arrow-unsorted-368013\" xmlns=\"http:\/\/www.w3.org\/2000\/svg\" width=\"10px\" height=\"10px\" viewBox=\"0 0 24 24\" version=\"1.2\" baseProfile=\"tiny\"><path d=\"M18.2 9.3l-6.2-6.3-6.2 6.3c-.2.2-.3.4-.3.7s.1.5.3.7c.2.2.4.3.7.3h11c.3 0 .5-.1.7-.3.2-.2.3-.5.3-.7s-.1-.5-.3-.7zM5.8 14.7l6.2 6.3 6.2-6.3c.2-.2.3-.5.3-.7s-.1-.5-.3-.7c-.2-.2-.4-.3-.7-.3h-11c-.3 0-.5.1-.7.3-.2.2-.3.5-.3.7s.1.5.3.7z\"\/><\/svg><\/span><\/span><\/span><\/a><\/span><\/div>\n<nav><ul class='ez-toc-list ez-toc-list-level-1 eztoc-toggle-hide-by-default' ><li class='ez-toc-page-1 ez-toc-heading-level-2'><a class=\"ez-toc-link ez-toc-heading-1\" href=\"https:\/\/petinya.org\/blog\/gelisim-vakti\/#Peki_nereden_baslamaliyim_ve_ne_yapmaliyim\" >Peki nereden ba\u015flamal\u0131y\u0131m ve ne yapmal\u0131y\u0131m?<\/a><\/li><li class='ez-toc-page-1 ez-toc-heading-level-2'><a class=\"ez-toc-link ez-toc-heading-2\" href=\"https:\/\/petinya.org\/blog\/gelisim-vakti\/#Ve_gel_gelelim_gelisim_aninda_yapacaginiz_degisimlere%E2%80%A6\" >Ve gel gelelim geli\u015fim an\u0131nda yapaca\u011f\u0131n\u0131z de\u011fi\u015fimlere\u2026<\/a><\/li><\/ul><\/nav><\/div>\n","protected":false},"excerpt":{"rendered":"<p>Geli\u015fim Vakti! Hayat\u0131m\u0131zdan ak\u0131p giden zaman\u0131n fark\u0131na var\u0131p kendimize gelmemiz gerekiyor. Ya\u015fad\u0131\u011f\u0131m\u0131z zorluklar\u0131n \u00fcstesinden gelip geli\u015fime odaklanmal\u0131y\u0131z&#8230;\u0130\u015fte \u015fimdi Geli\u015fim Vakti! De\u011fi\u015fim ve geli\u015fim i\u00e7in zincirleri k\u0131rman\u0131n tam vakti! Saniyeler ak\u0131p gidiyor, \u00e7evremize bak\u0131nca &#8230; <\/p>\n<p class=\"read-more-container\"><a title=\"Geli\u015fim Vakti\" class=\"read-more button\" href=\"https:\/\/petinya.org\/blog\/gelisim-vakti\/#more-221\" aria-label=\"Read more about Geli\u015fim Vakti\">Devam\u0131n\u0131 Oku<\/a><\/p>\n","protected":false},"author":2,"featured_media":222,"comment_status":"closed","ping_status":"closed","sticky":false,"template":"","format":"standard","meta":{"footnotes":""},"categories":[4],"tags":[],"class_list":["post-221","post","type-post","status-publish","format-standard","has-post-thumbnail","hentry","category-kisisel-gelisim","resize-featured-image"],"views":332,"_links":{"self":[{"href":"https:\/\/petinya.org\/blog\/wp-json\/wp\/v2\/posts\/221","targetHints":{"allow":["GET"]}}],"collection":[{"href":"https:\/\/petinya.org\/blog\/wp-json\/wp\/v2\/posts"}],"about":[{"href":"https:\/\/petinya.org\/blog\/wp-json\/wp\/v2\/types\/post"}],"author":[{"embeddable":true,"href":"https:\/\/petinya.org\/blog\/wp-json\/wp\/v2\/users\/2"}],"replies":[{"embeddable":true,"href":"https:\/\/petinya.org\/blog\/wp-json\/wp\/v2\/comments?post=221"}],"version-history":[{"count":0,"href":"https:\/\/petinya.org\/blog\/wp-json\/wp\/v2\/posts\/221\/revisions"}],"wp:featuredmedia":[{"embeddable":true,"href":"https:\/\/petinya.org\/blog\/wp-json\/wp\/v2\/media\/222"}],"wp:attachment":[{"href":"https:\/\/petinya.org\/blog\/wp-json\/wp\/v2\/media?parent=221"}],"wp:term":[{"taxonomy":"category","embeddable":true,"href":"https:\/\/petinya.org\/blog\/wp-json\/wp\/v2\/categories?post=221"},{"taxonomy":"post_tag","embeddable":true,"href":"https:\/\/petinya.org\/blog\/wp-json\/wp\/v2\/tags?post=221"}],"curies":[{"name":"wp","href":"https:\/\/api.w.org\/{rel}","templated":true}]}}