{"id":13419,"date":"2024-02-25T19:44:47","date_gmt":"2024-02-25T19:44:47","guid":{"rendered":"https:\/\/petinya.org\/blog\/?p=13419"},"modified":"2024-02-25T19:44:47","modified_gmt":"2024-02-25T19:44:47","slug":"yahya-efendi-turbesi","status":"publish","type":"post","link":"https:\/\/petinya.org\/blog\/yahya-efendi-turbesi\/","title":{"rendered":"Yahya Efendi T\u00fcrbesi Tarihi, Nerede, Nas\u0131l Gidilir?"},"content":{"rendered":"<p>\u0130stanbul\u2019un tarih kokan sokaklar\u0131 aras\u0131nda, Be\u015fikta\u015f il\u00e7esinin g\u00f6z kama\u015ft\u0131ran g\u00fczelliklerinden biri olan Yahya Efendi T\u00fcrbesi, ziyaret\u00e7ilerini b\u00fcy\u00fcleyen bir huzur ve mistisizm yuvas\u0131d\u0131r. Bu kutsal mekan, 1571 y\u0131l\u0131nda \u00fcnl\u00fc Mimar Sinan taraf\u0131ndan in\u015fa edilmi\u015f k\u00e2gir bir t\u00fcrbedir.<\/p>\n<p><strong>Yahya Efendi T\u00fcrbesi Fazileti<\/strong>, I. S\u00fcleyman devrinin tan\u0131nm\u0131\u015f mutasavv\u0131f\u0131, \u00e2limi ve \u015fairidir. Onun manevi \u00f6\u011fretileri ve \u015fiirleri, zaman\u0131n h\u00fck\u00fcmdarlar\u0131ndan dervi\u015flere kadar bir\u00e7ok ki\u015fiyi etkilemi\u015ftir. T\u00fcrbenin i\u00e7inde, Yahya Efendi\u2019ye ait sanduka bulunmaktad\u0131r. Kare plan \u00fczerine tek kubbeli bir ah\u015fap yap\u0131 olan t\u00fcrbe, \u0130stanbul\u2019un tarihi dokusunu yans\u0131tan nadide eserlerden biridir.<\/p>\n<p>T\u00fcrbenin \u00e7evresi, 16. y\u00fczy\u0131l\u0131n ikinci yar\u0131s\u0131ndan itibaren bir\u00e7ok \u00f6nemli ki\u015finin mezar\u0131na ev sahipli\u011fi yapm\u0131\u015ft\u0131r. Devlet ricali, ulema, hanedan \u00fcyeleri ve saray mensuplar\u0131 burada son yolculuklar\u0131na u\u011furlanm\u0131\u015ft\u0131r. \u00d6zellikle II. Abd\u00fclhamid\u2019in yak\u0131nlar\u0131 ve Adile Sultan\u2019\u0131n ailesi de bu kutsal topraklara defnedilmi\u015ftir.<\/p>\n<p><strong>T\u00fcrbenin tarih\u00e7esi<\/strong>, Yahya Efendi\u2019nin 1571 y\u0131l\u0131nda hayat\u0131n\u0131 kaybetmesiyle ba\u015flar. Dergah\u0131n\u0131n bulundu\u011fu yere defnedilmesinin ard\u0131ndan, <strong>II. Selim<\/strong>\u2019in emriyle kabrinin \u00fczerine t\u00fcrbe in\u015fa edilmi\u015ftir. Ayr\u0131ca dervi\u015fler i\u00e7in h\u00fccreler ve t\u00fcrbedar i\u00e7in k\u00fc\u00e7\u00fck bir h\u00fccre eklenmi\u015ftir. II. Mahmud, Pertevniyal Valide Sultan ve II. Abd\u00fclhamid taraf\u0131ndan onar\u0131lan t\u00fcrbe, g\u00fcn\u00fcm\u00fczde Vak\u0131flar Genel M\u00fcd\u00fcrl\u00fc\u011f\u00fc taraf\u0131ndan restore edilmi\u015ftir.<\/p>\n<p>T\u00fcrbenin i\u00e7inde Yahya Efendi\u2019den ba\u015fka 11 ki\u015fiye ait sanduka bulunmaktad\u0131r. Kalem i\u015fleriyle bezeli bu kutsal mekan, ziyaret\u00e7ilerini tarihin derinliklerine g\u00f6t\u00fcr\u00fcr. T\u00fcrbe giri\u015finde ve d\u0131\u015far\u0131s\u0131nda,<strong> \u015eeyh Yahya Efendi<\/strong>\u2019nin torunlar\u0131ndan, saray ve hanedan mensuplar\u0131na kadar bir\u00e7ok ki\u015finin mezar\u0131 bulunmaktad\u0131r.<\/p>\n<p>Bug\u00fcn, \u0130stanbul T\u00fcrbeler M\u00fcze M\u00fcd\u00fcrl\u00fc\u011f\u00fc\u2019n\u00fcn y\u00f6netiminde olan Yahya Efendi T\u00fcrbesi, ziyaret\u00e7ilere manevi bir yolculuk sunar. Tarihin ve huzurun bu e\u015fsiz bulu\u015fma noktas\u0131nda, Yahya Efendi\u2019nin \u00f6\u011fretileri ve maneviyat\u0131 hala canl\u0131d\u0131r.<\/p>\n<h2>Yahya Efendi T\u00fcrbesi Nerede<\/h2>\n<p><strong>Yahya Efendi T\u00fcrbesi<\/strong>, \u0130stanbul\u2019un\u00a0<strong>Be\u015fikta\u015f<\/strong>\u00a0il\u00e7esinde bulunmaktad\u0131r. Ziyaret\u00e7iler i\u00e7in birka\u00e7 ula\u015f\u0131m se\u00e7ene\u011fi mevcuttur:<\/p>\n<ol>\n<li><strong>Otob\u00fcs ile Ula\u015f\u0131m<\/strong>:\n<ul>\n<li>Anadolu yakas\u0131ndan gelenler i\u00e7in\u00a0<strong>Kad\u0131k\u00f6y R\u0131ht\u0131m<\/strong>\u2019dan\u00a0<strong>Be\u015fikta\u015f vapuruna<\/strong>\u00a0binin.<\/li>\n<li>Be\u015fikta\u015f\u2019ta\u00a0<strong>Ortak\u00f6y<\/strong>\u00a0y\u00f6n\u00fcne giden\u00a0<strong>Bah\u00e7e\u015fehir \u00dcniversitesi dura\u011f\u0131ndan<\/strong>\u00a0herhangi bir otob\u00fcse binin.<\/li>\n<li><strong>Yahya Efendi dura\u011f\u0131nda<\/strong>\u00a0inerek Yahya Efendi T\u00fcrbesi\u2019ne ula\u015fabilirsiniz.<\/li>\n<\/ul>\n<\/li>\n<li><strong>Metro ile Ula\u015f\u0131m<\/strong>:\n<ul>\n<li><strong>Kocamustapa\u015fa<\/strong>\u2019dan\u00a0<strong>BN1<\/strong>\u00a0veya\u00a0<strong>BN2<\/strong>\u00a0tramvay\u0131na binin ve\u00a0<strong>Emin\u00f6n\u00fc<\/strong>\u2019nde inin.<\/li>\n<li><strong>Tramvay ile Kabata\u015f<\/strong>\u2019ta inin.<\/li>\n<li>Kabata\u015f\u2019tan\u00a0<strong>22<\/strong>,\u00a0<strong>22RE<\/strong>,\u00a0<strong>25E<\/strong>\u00a0otob\u00fcs hatlar\u0131ndan herhangi birine binin ve\u00a0<strong>Yahya Efendi T\u00fcrbesi Dura\u011f\u0131nda<\/strong>\u00a0inerek Yahya Efendi T\u00fcrbesi\u2019ne ula\u015fabilirsiniz<\/li>\n<\/ul>\n<\/li>\n<\/ol>\n","protected":false},"excerpt":{"rendered":"<p>\u0130stanbul\u2019un tarih kokan sokaklar\u0131 aras\u0131nda, Be\u015fikta\u015f il\u00e7esinin g\u00f6z kama\u015ft\u0131ran g\u00fczelliklerinden biri olan Yahya Efendi T\u00fcrbesi, ziyaret\u00e7ilerini b\u00fcy\u00fcleyen bir huzur ve mistisizm yuvas\u0131d\u0131r. Bu kutsal mekan, 1571 y\u0131l\u0131nda \u00fcnl\u00fc Mimar Sinan taraf\u0131ndan in\u015fa edilmi\u015f &#8230; <\/p>\n<p class=\"read-more-container\"><a title=\"Yahya Efendi T\u00fcrbesi Tarihi, Nerede, Nas\u0131l Gidilir?\" class=\"read-more button\" href=\"https:\/\/petinya.org\/blog\/yahya-efendi-turbesi\/#more-13419\" aria-label=\"Read more about Yahya Efendi T\u00fcrbesi Tarihi, Nerede, Nas\u0131l Gidilir?\">Devam\u0131n\u0131 Oku<\/a><\/p>\n","protected":false},"author":1,"featured_media":13420,"comment_status":"closed","ping_status":"closed","sticky":false,"template":"","format":"standard","meta":{"footnotes":""},"categories":[1],"tags":[],"class_list":["post-13419","post","type-post","status-publish","format-standard","has-post-thumbnail","hentry","category-genel","resize-featured-image"],"views":431,"_links":{"self":[{"href":"https:\/\/petinya.org\/blog\/wp-json\/wp\/v2\/posts\/13419","targetHints":{"allow":["GET"]}}],"collection":[{"href":"https:\/\/petinya.org\/blog\/wp-json\/wp\/v2\/posts"}],"about":[{"href":"https:\/\/petinya.org\/blog\/wp-json\/wp\/v2\/types\/post"}],"author":[{"embeddable":true,"href":"https:\/\/petinya.org\/blog\/wp-json\/wp\/v2\/users\/1"}],"replies":[{"embeddable":true,"href":"https:\/\/petinya.org\/blog\/wp-json\/wp\/v2\/comments?post=13419"}],"version-history":[{"count":0,"href":"https:\/\/petinya.org\/blog\/wp-json\/wp\/v2\/posts\/13419\/revisions"}],"wp:featuredmedia":[{"embeddable":true,"href":"https:\/\/petinya.org\/blog\/wp-json\/wp\/v2\/media\/13420"}],"wp:attachment":[{"href":"https:\/\/petinya.org\/blog\/wp-json\/wp\/v2\/media?parent=13419"}],"wp:term":[{"taxonomy":"category","embeddable":true,"href":"https:\/\/petinya.org\/blog\/wp-json\/wp\/v2\/categories?post=13419"},{"taxonomy":"post_tag","embeddable":true,"href":"https:\/\/petinya.org\/blog\/wp-json\/wp\/v2\/tags?post=13419"}],"curies":[{"name":"wp","href":"https:\/\/api.w.org\/{rel}","templated":true}]}}