{"id":13165,"date":"2024-02-06T12:13:51","date_gmt":"2024-02-06T12:13:51","guid":{"rendered":"https:\/\/petinya.org\/blog\/?p=13165"},"modified":"2024-02-06T12:13:51","modified_gmt":"2024-02-06T12:13:51","slug":"o-kutlu-zaferin-izinde-yuru","status":"publish","type":"post","link":"https:\/\/petinya.org\/blog\/o-kutlu-zaferin-izinde-yuru\/","title":{"rendered":"O Kutlu Zaferin \u0130zinde Y\u00fcr\u00fc 4K-UHD"},"content":{"rendered":"<p>Nesip olmaz Y\u00fcksek Da\u011f\u0131n duman\u0131<\/p>\n<p>Allahu alemdir yazm\u0131\u015f Ferman\u0131<\/p>\n<p>18.000 Alem Devri devran\u0131n<\/p>\n<p>Yaradan a\u015fk\u0131na durmadan y\u00fcr\u00fc<\/p>\n<p>18.000 Alem devri devran\u0131n<\/p>\n<p>O Kutlu zaferin izinde y\u00fcr\u00fc\u00a0 O Kutlu zaferin izinde y\u00fcr\u00fc<\/p>\n<p>18 bin Alem Devri devran\u0131n o kutlu zaferin izinde y\u00fcr\u00fc O Kutlu zaferin y\u00fcr\u00fc<\/p>\n<h2>O Kutlu Zaferin \u0130zinde Y\u00fcr\u00fc 4K-UHD<\/h2>\n<p><span class=\"yt-core-attributed-string yt-core-attributed-string--white-space-pre-wrap\" role=\"text\">O Kutlu Zaferin \u0130zinde Y\u00fcr\u00fc Kud\u00fcs Fatihi Selahaddin Eyyubi M\u00fczi\u011fi \/ Kud\u00fcs Fatihi Selahaddin Eyyubi M\u00fczikleri<\/span><\/p>\n<p><iframe loading=\"lazy\" title=\"O Kutlu Zaferin \u0130zinde Y\u00fcr\u00fc 4K-UHD\" width=\"1200\" height=\"675\" src=\"https:\/\/www.youtube.com\/embed\/nrgNHqfxqgc?feature=oembed\" frameborder=\"0\" allow=\"accelerometer; autoplay; clipboard-write; encrypted-media; gyroscope; picture-in-picture; web-share\" allowfullscreen><\/iframe><\/p>\n","protected":false},"excerpt":{"rendered":"<p>Nesip olmaz Y\u00fcksek Da\u011f\u0131n duman\u0131 Allahu alemdir yazm\u0131\u015f Ferman\u0131 18.000 Alem Devri devran\u0131n Yaradan a\u015fk\u0131na durmadan y\u00fcr\u00fc 18.000 Alem devri devran\u0131n O Kutlu zaferin izinde y\u00fcr\u00fc\u00a0 O Kutlu zaferin izinde y\u00fcr\u00fc 18 bin &#8230; <\/p>\n<p class=\"read-more-container\"><a title=\"O Kutlu Zaferin \u0130zinde Y\u00fcr\u00fc 4K-UHD\" class=\"read-more button\" href=\"https:\/\/petinya.org\/blog\/o-kutlu-zaferin-izinde-yuru\/#more-13165\" aria-label=\"Read more about O Kutlu Zaferin \u0130zinde Y\u00fcr\u00fc 4K-UHD\">Devam\u0131n\u0131 Oku<\/a><\/p>\n","protected":false},"author":1,"featured_media":13166,"comment_status":"closed","ping_status":"closed","sticky":false,"template":"","format":"standard","meta":{"footnotes":""},"categories":[1],"tags":[],"class_list":["post-13165","post","type-post","status-publish","format-standard","has-post-thumbnail","hentry","category-genel","resize-featured-image"],"views":335,"_links":{"self":[{"href":"https:\/\/petinya.org\/blog\/wp-json\/wp\/v2\/posts\/13165","targetHints":{"allow":["GET"]}}],"collection":[{"href":"https:\/\/petinya.org\/blog\/wp-json\/wp\/v2\/posts"}],"about":[{"href":"https:\/\/petinya.org\/blog\/wp-json\/wp\/v2\/types\/post"}],"author":[{"embeddable":true,"href":"https:\/\/petinya.org\/blog\/wp-json\/wp\/v2\/users\/1"}],"replies":[{"embeddable":true,"href":"https:\/\/petinya.org\/blog\/wp-json\/wp\/v2\/comments?post=13165"}],"version-history":[{"count":0,"href":"https:\/\/petinya.org\/blog\/wp-json\/wp\/v2\/posts\/13165\/revisions"}],"wp:featuredmedia":[{"embeddable":true,"href":"https:\/\/petinya.org\/blog\/wp-json\/wp\/v2\/media\/13166"}],"wp:attachment":[{"href":"https:\/\/petinya.org\/blog\/wp-json\/wp\/v2\/media?parent=13165"}],"wp:term":[{"taxonomy":"category","embeddable":true,"href":"https:\/\/petinya.org\/blog\/wp-json\/wp\/v2\/categories?post=13165"},{"taxonomy":"post_tag","embeddable":true,"href":"https:\/\/petinya.org\/blog\/wp-json\/wp\/v2\/tags?post=13165"}],"curies":[{"name":"wp","href":"https:\/\/api.w.org\/{rel}","templated":true}]}}