{"id":11959,"date":"2023-09-16T13:16:44","date_gmt":"2023-09-16T13:16:44","guid":{"rendered":"https:\/\/petinya.org\/blog\/?p=11959"},"modified":"2023-09-16T13:16:44","modified_gmt":"2023-09-16T13:16:44","slug":"umut-murare","status":"publish","type":"post","link":"https:\/\/petinya.org\/blog\/umut-murare\/","title":{"rendered":"Umut M\u00fcrare Kimdir?"},"content":{"rendered":"<table>\n<thead>\n<tr>\n<th>Ad\u0131 Soyad\u0131<\/th>\n<th>Umut M\u00fcrare<\/th>\n<\/tr>\n<\/thead>\n<tbody>\n<tr>\n<td>Do\u011fum Yeri<\/td>\n<td>\u0130stanbul, T\u00fcrkiye<\/td>\n<\/tr>\n<tr>\n<td>Do\u011fum Tarihi<\/td>\n<td>1977<\/td>\n<\/tr>\n<tr>\n<td>Ya\u015f\u0131<\/td>\n<td>46 (2023 itibariyle)<\/td>\n<\/tr>\n<tr>\n<td>M\u00fczik Kariyeri Ba\u015flang\u0131c\u0131<\/td>\n<td>1994<\/td>\n<\/tr>\n<tr>\n<td>\u0130lk Alb\u00fcm<\/td>\n<td>Ben Seni G\u00f6rmeden Sevdim (2004)<\/td>\n<\/tr>\n<tr>\n<td>Alb\u00fcm Say\u0131s\u0131<\/td>\n<td>11 (2023 itibariyle)<\/td>\n<\/tr>\n<tr>\n<td>Sosyal Medya Hesaplar\u0131<\/td>\n<td>\n<ul>\n<li><a href=\"https:\/\/www.instagram.com\/umutmurare\/\" target=\"_blank\" rel=\"noopener\">Instagram<\/a><\/li>\n<li><a href=\"https:\/\/twitter.com\/umutmurare\" target=\"_blank\" rel=\"noopener\">Twitter<\/a><\/li>\n<\/ul>\n<\/td>\n<\/tr>\n<\/tbody>\n<\/table>\n<p><strong>Umut M\u00fcrare<\/strong>, T\u00fcrk m\u00fczi\u011finin incisi olarak parl\u0131yor. Sanat\u0131n\u0131n derinliklerinden gelen dokunu\u015flar\u0131yla, her eserinde dinleyicilerini b\u00fcy\u00fcl\u00fcyor. Duygusal derinli\u011fi ve \u00f6zg\u00fcn yorumuyla, m\u00fczi\u011fin duygular\u0131m\u0131za dokunabilme g\u00fcc\u00fcn\u00fc en saf haliyle sunuyor.<\/p>\n<p>M\u00fcrare&#8217;nin m\u00fczik y\u00f6netmenli\u011fi ve aranj\u00f6rl\u00fckteki ustal\u0131\u011f\u0131, sanat camias\u0131nda efsanevi bir iz b\u0131rakm\u0131\u015ft\u0131r. De\u011ferli sanat\u00e7\u0131larla bir araya gelerek, onlar\u0131n eserlerine katt\u0131\u011f\u0131 zenginlikle, m\u00fczi\u011fin evrensel dilini daha da zenginle\u015ftirmi\u015ftir.<\/p>\n<p>Solo alb\u00fcmleriyle, sadece kendi sesiyle de\u011fil, ayn\u0131 zamanda besteleriyle de hayranl\u0131k uyand\u0131r\u0131yor. Her bir nota, M\u00fcrare&#8217;nin kalbinden gelen samimi duygularla \u015fekilleniyor. &#8220;Ben Seni G\u00f6rmeden Sevdim&#8221;, &#8220;Sensiz Olmuyor&#8221;, &#8220;Duams\u0131n&#8221; ve &#8220;Veda&#8221; alb\u00fcmleri, onun sanat\u0131n\u0131n d\u00f6n\u00fcm noktalar\u0131d\u0131r.<\/p>\n<p><strong>Umut M\u00fcrare<\/strong>, sahneye \u00e7\u0131kt\u0131\u011f\u0131nda sesiyle ruhlara dokunuyor, dinleyicilerini ba\u015fka diyarlara g\u00f6t\u00fcr\u00fcyor. Sahnedeki enerjisi ve i\u00e7tenli\u011fiyle, her an\u0131 unutulmaz k\u0131l\u0131yor.<\/p>\n<p>M\u00fcrare&#8217;nin m\u00fczikle kurdu\u011fu bu e\u015fsiz ba\u011f, onu sadece bir sanat\u00e7\u0131 de\u011fil, ayn\u0131 zamanda bir m\u00fczik ustas\u0131 haline getiriyor. Her bir eseri, m\u00fczi\u011fin sonsuz evreninde unutulmaz bir iz b\u0131rak\u0131yor.<\/p>\n<p>M\u00fcrare&#8217;nin sanat\u0131yla ya\u015fatt\u0131\u011f\u0131 duygusal yolculuk, dinleyicilerinde derin bir etki b\u0131rak\u0131yor. Onun m\u00fczi\u011fi, kalplerde sonsuza kadar ya\u015fayacak. T\u00fcrk m\u00fczi\u011finin bu de\u011ferli ismi, her bir eseriyle kulaklarda ve kalplerde taht kuruyor.<\/p>\n<h2><span class=\"ez-toc-section\" id=\"Umut_Murare_Kimdir_%E2%80%93_Umut_Murare_Hayati_%E2%80%93_Umut_Murare_Biyografi\"><\/span>Umut M\u00fcrare Kimdir &#8211; Umut M\u00fcrare Hayat\u0131 &#8211; Umut M\u00fcrare Biyografi<span class=\"ez-toc-section-end\"><\/span><\/h2>\n<p>T\u00fcrk m\u00fczi\u011finin sevilen isimlerinden biri olan <strong>Umut M\u00fcrare<\/strong>, 1977 y\u0131l\u0131nda \u0130stanbul&#8217;da d\u00fcnyaya gelmi\u015ftir. M\u00fczi\u011fe olan tutkusuyla gen\u00e7 ya\u015flarda tan\u0131\u015fan M\u00fcrare, ilk\u00f6\u011fretim, ortaokul ve lise e\u011fitiminin ard\u0131ndan \u00f6zel stat\u00fcde konservatuvar ve piyano e\u011fitimi alm\u0131\u015ft\u0131r. M\u00fczikle olan bu erken tan\u0131\u015fma, onun m\u00fczik kariyerine sa\u011flam bir temel olu\u015fturdu.<\/p>\n<p>Profesyonel m\u00fczik hayat\u0131na 1994 y\u0131l\u0131nda Grup Kardelen ile ba\u015flam\u0131\u015f olan M\u00fcrare, bu d\u00f6nemde toplamda 5 alb\u00fcm \u00e7al\u0131\u015fmas\u0131na imza atm\u0131\u015ft\u0131r. 1997 y\u0131l\u0131nda m\u00fczik y\u00f6netmenli\u011fi ve aranj\u00f6rl\u00fc\u011fe ad\u0131m att\u0131ktan sonra, bir\u00e7ok de\u011ferli sanat\u00e7\u0131n\u0131n alb\u00fcm \u00e7al\u0131\u015fmalar\u0131nda s\u00f6z ve beste katk\u0131s\u0131yla dikkat \u00e7ekmi\u015ftir.<\/p>\n<p>Moral FM&#8217;de program sunuculu\u011fu yapman\u0131n yan\u0131 s\u0131ra, Sakarya&#8217;da yerel bir radyoda 3 y\u0131l genel m\u00fcd\u00fcrl\u00fck ve program sunuculu\u011fu yaparak da radyo d\u00fcnyas\u0131nda iz b\u0131rakm\u0131\u015ft\u0131r. 2004 y\u0131l\u0131nda &#8220;Ben Seni G\u00f6rmeden Sevdim&#8221; adl\u0131 solo alb\u00fcm\u00fcn\u00fc m\u00fczikseverlerle bulu\u015fturan sanat\u00e7\u0131n\u0131n, bu alb\u00fcmdeki eseri 2009 y\u0131l\u0131 7.T\u00fcrk\u00e7e Olimpiyatlar\u0131&#8217;nda d\u00fcnya birincisi se\u00e7ilmi\u015ftir. Ard\u0131ndan, Aral\u0131k 2007&#8217;de &#8220;Sensiz Olmuyor&#8221; adl\u0131 ikinci alb\u00fcm\u00fcn\u00fc dinleyicileriyle bulu\u015fturmu\u015ftur.<\/p>\n<p>2010 y\u0131l\u0131nda TV 5 kanal\u0131nda &#8220;Umut&#8217;la Anadolu Ekspresi&#8221; program\u0131n\u0131 sunarak televizyon d\u00fcnyas\u0131na ad\u0131m atan M\u00fcrare, halen m\u00fczik y\u00f6netmenli\u011fi, aranj\u00f6rl\u00fck, s\u00f6z ve beste \u00e7al\u0131\u015fmalar\u0131yla sanat hayat\u0131na devam etmektedir.<\/p>\n<p><strong>Umut M\u00fcrare<\/strong>, sadece seslendirdi\u011fi eserlerle de\u011fil, ayn\u0131 zamanda m\u00fczik y\u00f6netmeni ve aranj\u00f6r olarak da \u00f6nemli bir yere sahiptir. Bug\u00fcne kadar bir\u00e7ok de\u011ferli sanat\u00e7\u0131n\u0131n alb\u00fcm\u00fcnde eme\u011fi ge\u00e7mi\u015f ve m\u00fczik d\u00fcnyas\u0131na de\u011ferli katk\u0131larda bulunmu\u015ftur.<\/p>\n<figure id=\"attachment_11961\" aria-describedby=\"caption-attachment-11961\" style=\"width: 1190px\" class=\"wp-caption alignnone\"><img loading=\"lazy\" decoding=\"async\" class=\"size-full wp-image-11961\" title=\"umut-murare-kimdir-hayati-biyografi\" src=\"https:\/\/petinya.org\/blog\/wp-content\/uploads\/2023\/09\/umut-murare-kimdir-hayati-biyografi.jpg\" alt=\"Umut M\u00fcrare Kimdir - Umut M\u00fcrare Hayat\u0131 - Umut M\u00fcrare Biyografi\" width=\"1200\" height=\"675\" srcset=\"https:\/\/petinya.org\/blog\/wp-content\/uploads\/2023\/09\/umut-murare-kimdir-hayati-biyografi.jpg 1200w, https:\/\/petinya.org\/blog\/wp-content\/uploads\/2023\/09\/umut-murare-kimdir-hayati-biyografi-768x432.jpg 768w\" sizes=\"auto, (max-width: 1200px) 100vw, 1200px\" \/><figcaption id=\"caption-attachment-11961\" class=\"wp-caption-text\">Umut M\u00fcrare Kimdir &#8211; Hayat\u0131 &#8211; Biyografisi<\/figcaption><\/figure>\n<h3><span class=\"ez-toc-section\" id=\"Umut_Murare_Albumleri\"><\/span>Umut M\u00fcrare Alb\u00fcmleri<span class=\"ez-toc-section-end\"><\/span><\/h3>\n<ol>\n<li>Ben Seni G\u00f6rmeden Sevdim<\/li>\n<li>Sensiz Olmuyor<\/li>\n<li>Duams\u0131n<\/li>\n<li>Veda<\/li>\n<li>A\u011f\u0131t<\/li>\n<li>Hayal<\/li>\n<li>Dervi\u015f<\/li>\n<li>Yakamoz<\/li>\n<li>Figan<\/li>\n<li>Sahra<\/li>\n<li>A\u015fk&#8217;a Davet<\/li>\n<\/ol>\n<h4><span class=\"ez-toc-section\" id=\"_Solo_Albumleri\"><\/span>\u00a0Solo Alb\u00fcmleri<span class=\"ez-toc-section-end\"><\/span><\/h4>\n<p>Sanat\u00e7\u0131n\u0131n solo alb\u00fcmleri \u015funlard\u0131r:<\/p>\n<ul>\n<li>&#8220;Ben Seni G\u00f6rmeden Sevdim&#8221; (2004)<\/li>\n<li>&#8220;Sensiz Olmuyor&#8221; (2007)<\/li>\n<li>&#8220;Duams\u0131n&#8221; (2011)<\/li>\n<li>&#8220;Veda&#8221; (2014)<\/li>\n<\/ul>\n<figure id=\"attachment_11962\" aria-describedby=\"caption-attachment-11962\" style=\"width: 1190px\" class=\"wp-caption alignnone\"><img loading=\"lazy\" decoding=\"async\" class=\"size-full wp-image-11962\" title=\"umut-murare-alb\u00fcmleri\" src=\"https:\/\/petinya.org\/blog\/wp-content\/uploads\/2023\/09\/umut-murare-albumleri.jpg\" alt=\"Umut M\u00fcrare Alb\u00fcmleri\" width=\"1200\" height=\"675\" srcset=\"https:\/\/petinya.org\/blog\/wp-content\/uploads\/2023\/09\/umut-murare-albumleri.jpg 1200w, https:\/\/petinya.org\/blog\/wp-content\/uploads\/2023\/09\/umut-murare-albumleri-768x432.jpg 768w\" sizes=\"auto, (max-width: 1200px) 100vw, 1200px\" \/><figcaption id=\"caption-attachment-11962\" class=\"wp-caption-text\">Umut M\u00fcrare Alb\u00fcmleri<\/figcaption><\/figure>\n<h3><span class=\"ez-toc-section\" id=\"Sosyal_Medya_Hesaplari\"><\/span>Sosyal Medya Hesaplar\u0131<span class=\"ez-toc-section-end\"><\/span><\/h3>\n<ul>\n<li><a href=\"https:\/\/www.instagram.com\/umutmurare\/\" target=\"_blank\" rel=\"noopener\">Instagram<\/a><\/li>\n<li><a href=\"https:\/\/twitter.com\/umutmurare\" target=\"_blank\" rel=\"noopener\">Twitter<\/a><\/li>\n<\/ul>\n<p><strong>Umut M\u00fcrare<\/strong>, m\u00fczik kariyerine olan ba\u011fl\u0131l\u0131\u011f\u0131 ve yetene\u011fiyle T\u00fcrk m\u00fczi\u011finin \u00f6nemli isimlerinden biri olmu\u015ftur. Sanat hayat\u0131na devam ederken, dinleyicilerini etkilemeye ve m\u00fczi\u011fin g\u00fcc\u00fcn\u00fc hissettirmeye devam edece\u011fi ku\u015fkusuz.<\/p>\n<blockquote class=\"wp-block-quote\"><p><em><br \/>\n<a href=\"https:\/\/petinya.org\/blog\/murat-belet-kimdir-biyografi\/\" data-wpel-link=\"internal\">Murat Belet<\/a> Hayat\u0131<br \/>\n<a href=\"https:\/\/petinya.org\/blog\/dursun-ali-erzincanli-hayati\/\">Dursun Ali Erzincanl\u0131<\/a> Hayat\u0131<br \/>\n<a href=\"https:\/\/petinya.org\/blog\/esref-ziya-terzi-hayati\/\">E\u015fref Ziya Terzi<\/a> Hayat\u0131<br \/>\n<\/em><\/p><\/blockquote>\n<hr \/>\n<div id=\"ez-toc-container\" class=\"ez-toc-v2_0_82_2 counter-hierarchy ez-toc-counter ez-toc-grey ez-toc-container-direction\">\n<div class=\"ez-toc-title-container\">\n<p class=\"ez-toc-title\" style=\"cursor:inherit\">\u0130\u00e7indekiler<\/p>\n<span class=\"ez-toc-title-toggle\"><a href=\"#\" class=\"ez-toc-pull-right ez-toc-btn ez-toc-btn-xs ez-toc-btn-default ez-toc-toggle\" aria-label=\"\u0130\u00e7indekiler Tablosunu A\u00e7\/Kapat\"><span class=\"ez-toc-js-icon-con\"><span class=\"\"><span class=\"eztoc-hide\" style=\"display:none;\">Toggle<\/span><span class=\"ez-toc-icon-toggle-span\"><svg style=\"fill: #999;color:#999\" xmlns=\"http:\/\/www.w3.org\/2000\/svg\" class=\"list-377408\" width=\"20px\" height=\"20px\" viewBox=\"0 0 24 24\" fill=\"none\"><path d=\"M6 6H4v2h2V6zm14 0H8v2h12V6zM4 11h2v2H4v-2zm16 0H8v2h12v-2zM4 16h2v2H4v-2zm16 0H8v2h12v-2z\" fill=\"currentColor\"><\/path><\/svg><svg style=\"fill: #999;color:#999\" class=\"arrow-unsorted-368013\" xmlns=\"http:\/\/www.w3.org\/2000\/svg\" width=\"10px\" height=\"10px\" viewBox=\"0 0 24 24\" version=\"1.2\" baseProfile=\"tiny\"><path d=\"M18.2 9.3l-6.2-6.3-6.2 6.3c-.2.2-.3.4-.3.7s.1.5.3.7c.2.2.4.3.7.3h11c.3 0 .5-.1.7-.3.2-.2.3-.5.3-.7s-.1-.5-.3-.7zM5.8 14.7l6.2 6.3 6.2-6.3c.2-.2.3-.5.3-.7s-.1-.5-.3-.7c-.2-.2-.4-.3-.7-.3h-11c-.3 0-.5.1-.7.3-.2.2-.3.5-.3.7s.1.5.3.7z\"\/><\/svg><\/span><\/span><\/span><\/a><\/span><\/div>\n<nav><ul class='ez-toc-list ez-toc-list-level-1 eztoc-toggle-hide-by-default' ><li class='ez-toc-page-1 ez-toc-heading-level-2'><a class=\"ez-toc-link ez-toc-heading-1\" href=\"https:\/\/petinya.org\/blog\/umut-murare\/#Umut_Murare_Kimdir_%E2%80%93_Umut_Murare_Hayati_%E2%80%93_Umut_Murare_Biyografi\" >Umut M\u00fcrare Kimdir &#8211; Umut M\u00fcrare Hayat\u0131 &#8211; Umut M\u00fcrare Biyografi<\/a><ul class='ez-toc-list-level-3' ><li class='ez-toc-heading-level-3'><a class=\"ez-toc-link ez-toc-heading-2\" href=\"https:\/\/petinya.org\/blog\/umut-murare\/#Umut_Murare_Albumleri\" >Umut M\u00fcrare Alb\u00fcmleri<\/a><ul class='ez-toc-list-level-4' ><li class='ez-toc-heading-level-4'><a class=\"ez-toc-link ez-toc-heading-3\" href=\"https:\/\/petinya.org\/blog\/umut-murare\/#_Solo_Albumleri\" >\u00a0Solo Alb\u00fcmleri<\/a><\/li><\/ul><\/li><li class='ez-toc-page-1 ez-toc-heading-level-3'><a class=\"ez-toc-link ez-toc-heading-4\" href=\"https:\/\/petinya.org\/blog\/umut-murare\/#Sosyal_Medya_Hesaplari\" >Sosyal Medya Hesaplar\u0131<\/a><\/li><\/ul><\/li><\/ul><\/nav><\/div>\n","protected":false},"excerpt":{"rendered":"<p>Ad\u0131 Soyad\u0131 Umut M\u00fcrare Do\u011fum Yeri \u0130stanbul, T\u00fcrkiye Do\u011fum Tarihi 1977 Ya\u015f\u0131 46 (2023 itibariyle) M\u00fczik Kariyeri Ba\u015flang\u0131c\u0131 1994 \u0130lk Alb\u00fcm Ben Seni G\u00f6rmeden Sevdim (2004) Alb\u00fcm Say\u0131s\u0131 11 (2023 itibariyle) Sosyal Medya &#8230; <\/p>\n<p class=\"read-more-container\"><a title=\"Umut M\u00fcrare Kimdir?\" class=\"read-more button\" href=\"https:\/\/petinya.org\/blog\/umut-murare\/#more-11959\" aria-label=\"Read more about Umut M\u00fcrare Kimdir?\">Devam\u0131n\u0131 Oku<\/a><\/p>\n","protected":false},"author":1,"featured_media":11960,"comment_status":"closed","ping_status":"closed","sticky":false,"template":"","format":"standard","meta":{"footnotes":""},"categories":[1],"tags":[],"class_list":["post-11959","post","type-post","status-publish","format-standard","has-post-thumbnail","hentry","category-genel"],"views":383,"_links":{"self":[{"href":"https:\/\/petinya.org\/blog\/wp-json\/wp\/v2\/posts\/11959","targetHints":{"allow":["GET"]}}],"collection":[{"href":"https:\/\/petinya.org\/blog\/wp-json\/wp\/v2\/posts"}],"about":[{"href":"https:\/\/petinya.org\/blog\/wp-json\/wp\/v2\/types\/post"}],"author":[{"embeddable":true,"href":"https:\/\/petinya.org\/blog\/wp-json\/wp\/v2\/users\/1"}],"replies":[{"embeddable":true,"href":"https:\/\/petinya.org\/blog\/wp-json\/wp\/v2\/comments?post=11959"}],"version-history":[{"count":0,"href":"https:\/\/petinya.org\/blog\/wp-json\/wp\/v2\/posts\/11959\/revisions"}],"wp:featuredmedia":[{"embeddable":true,"href":"https:\/\/petinya.org\/blog\/wp-json\/wp\/v2\/media\/11960"}],"wp:attachment":[{"href":"https:\/\/petinya.org\/blog\/wp-json\/wp\/v2\/media?parent=11959"}],"wp:term":[{"taxonomy":"category","embeddable":true,"href":"https:\/\/petinya.org\/blog\/wp-json\/wp\/v2\/categories?post=11959"},{"taxonomy":"post_tag","embeddable":true,"href":"https:\/\/petinya.org\/blog\/wp-json\/wp\/v2\/tags?post=11959"}],"curies":[{"name":"wp","href":"https:\/\/api.w.org\/{rel}","templated":true}]}}