{"id":11863,"date":"2023-09-02T11:23:49","date_gmt":"2023-09-02T11:23:49","guid":{"rendered":"https:\/\/petinya.org\/blog\/?p=11863"},"modified":"2023-09-02T11:23:49","modified_gmt":"2023-09-02T11:23:49","slug":"murat-belet-kimdir-biyografi","status":"publish","type":"post","link":"https:\/\/petinya.org\/blog\/murat-belet-kimdir-biyografi\/","title":{"rendered":"Murat Belet Kimdir &#8211; Biyografi"},"content":{"rendered":"<p><strong>Murat Belet Kimdir<\/strong>: M\u00fczik, insanlar\u0131n hislerini ifade etmenin, sevgiyi ve ac\u0131y\u0131 payla\u015fman\u0131n, ve en derin duygular\u0131 anlatman\u0131n evrensel bir dili olarak bilinir. Ancak baz\u0131 sanat\u00e7\u0131lar vard\u0131r ki, bu m\u00fczikal dile dair daha \u00f6zel bir anlay\u0131\u015fa ve yetene\u011fe sahiptirler. \u0130\u015fte Murat Belet, bu nadir yetenekli sanat\u00e7\u0131lardan biridir.<\/p>\n<p>Murat Belet sadece bir sanat\u00e7\u0131 de\u011fil, ayn\u0131 zamanda insanlar aras\u0131nda bir k\u00f6pr\u00fcd\u00fcr. M\u00fczi\u011fi, farkl\u0131 k\u00fclt\u00fcrlerden gelen insanlar\u0131 bir araya getirir ve m\u00fczi\u011fin evrenselli\u011fini hat\u0131rlat\u0131r. Sahne performanslar\u0131, dinleyicileriyle kurdu\u011fu s\u0131cak ili\u015fkilerle dikkat \u00e7eker ve her konserini unutulmaz bir deneyime d\u00f6n\u00fc\u015ft\u00fcr\u00fcr.<\/p>\n<h2><span class=\"ez-toc-section\" id=\"Murat_Belet_Kimdir\"><\/span>Murat Belet Kimdir?<span class=\"ez-toc-section-end\"><\/span><\/h2>\n<p><strong>Murat Belet Kimdir<\/strong>: T\u00fcrk m\u00fczi\u011finin yetenekli isimlerinden biri olan Murat Belet, 1985 y\u0131l\u0131nda Mu\u015f&#8217;un merkezinde d\u00fcnyaya geldi. \u0130slam k\u00fclt\u00fcr\u00fcn\u00fcn \u00f6nemli bir par\u00e7as\u0131 olan ilahi m\u00fczi\u011finin sevilen temsilcilerinden biri olarak kabul edilir. Sanat\u00e7\u0131n\u0131n m\u00fczi\u011fe olan yolculu\u011fu, 2007 y\u0131l\u0131nda &#8220;Yoluna Kurban&#8221; adl\u0131 alb\u00fcm\u00fcyle ba\u015flad\u0131 ve bu alb\u00fcm, geni\u015f bir dinleyici kitlesi taraf\u0131ndan b\u00fcy\u00fck be\u011feni toplad\u0131.<\/p>\n<p>Murat Belet&#8217;in kariyerindeki \u00f6nemli bir d\u00f6n\u00fcm noktas\u0131, 2010 y\u0131l\u0131nda yay\u0131mlad\u0131\u011f\u0131 &#8220;Hicran&#8221; adl\u0131 alb\u00fcm\u00fc ile geldi. Bu alb\u00fcm, onun tan\u0131n\u0131rl\u0131\u011f\u0131n\u0131 art\u0131rd\u0131 ve T\u00fcrk m\u00fczi\u011fine katk\u0131 sa\u011flayan \u00f6nemli bir eser haline geldi. Ayn\u0131 zamanda 2011 y\u0131l\u0131nda, T\u00fcrkiye Radyo ve Televizyon Kurumu (<a href=\"https:\/\/www.trt.net.tr\/\" target=\"_blank\" rel=\"noopener\">TRT<\/a>) taraf\u0131ndan yap\u0131lan \u00f6zel bir teklif do\u011frultusunda, &#8220;Matem Ay\u0131&#8221; adl\u0131 eserini Karde\u015f T\u00fcrk\u00fcler ile yeniden yorumlayarak TRT 1&#8217;e eser veren ilk ilahi sanat\u00e7\u0131s\u0131 unvan\u0131n\u0131 kazand\u0131.<\/p>\n<p>2012 y\u0131l\u0131nda &#8220;El Emini&#8221; adl\u0131 alb\u00fcm\u00fcyle kariyerine devam eden Murat Belet, bu alb\u00fcm\u00fcn\u00fcn ba\u015far\u0131s\u0131yla T\u00fcrk m\u00fczi\u011findeki etkisini daha da art\u0131rd\u0131. Alb\u00fcm, ilahi m\u00fczi\u011fin \u00f6nemli yap\u0131tlar\u0131ndan biri olarak kabul edilirken, sanat\u00e7\u0131n\u0131n m\u00fczikal yeteneklerini ve bestecilik yetene\u011fini bir kez daha kan\u0131tlad\u0131.<\/p>\n<p>Murat Belet, sahnede dinleyici odakl\u0131 performanslar\u0131yla bilinir ve bu, onun konserlerini unutulmaz k\u0131lar. \u0130lahi, ezgi, halk m\u00fczi\u011fi ve kasideleri ustal\u0131kla seslendirmesi, onu m\u00fczik d\u00fcnyas\u0131nda \u00f6ne \u00e7\u0131kan bir isim haline getirdi. Sesinin \u00f6zg\u00fcn tonu ve ahenki, ilahi m\u00fczi\u011fe kendine \u00f6zg\u00fc bir derinlik katt\u0131.<\/p>\n<p>Evli ve iki \u00e7ocuk babas\u0131 olan sanat\u00e7\u0131, \u0130stanbul&#8217;da ya\u015fam\u0131n\u0131 s\u00fcrd\u00fcrmektedir. Murat Belet, T\u00fcrk m\u00fczi\u011finin \u00f6nemli bir fig\u00fcr\u00fc olarak m\u00fczi\u011fe ve dinleyicilerine ilham vermeye ve duygusal ba\u011f kurmaya devam ediyor. Onun m\u00fczi\u011fi, geleneksel T\u00fcrk m\u00fczi\u011fi ile ilgilenenler ve manevi bir deneyim arayanlar i\u00e7in \u00f6nemli bir referans noktas\u0131d\u0131r. \u00dcnl\u00fc sanat\u00e7\u0131n\u0131n resmi sosyal medya hesaplar\u0131 \u015funlard\u0131r:<\/p>\n<ul>\n<li>www.facebook.com\/muratbeletoffical<\/li>\n<li>www.instagram.com\/muratbelett<\/li>\n<li>www.youtube.com\/muratbelet<\/li>\n<li>www.twitter.com\/muratbelet<\/li>\n<\/ul>\n<table>\n<tbody>\n<tr>\n<th>Murat Belet<\/th>\n<th>Cevaplar<\/th>\n<\/tr>\n<tr>\n<td>Murat Belet ger\u00e7ek ad\u0131 nedir ?<\/td>\n<td>Murat Belet<\/td>\n<\/tr>\n<tr>\n<td>Murat Belet ka\u00e7 ya\u015f\u0131nda ?<\/td>\n<td>2023 y\u0131l\u0131 itibariyle 38 ya\u015f\u0131ndad\u0131r.<\/td>\n<\/tr>\n<tr>\n<td>Murat Belet nereli?<\/td>\n<td>T\u00fcrkiye \/ Mu\u015f<\/td>\n<\/tr>\n<tr>\n<td>Murat Belet mesle\u011fi?<\/td>\n<td>Sanat\u00e7\u0131<\/td>\n<\/tr>\n<tr>\n<td>Murat Belet do\u011fum tarihi?<\/td>\n<td>1985<\/td>\n<\/tr>\n<tr>\n<td>Murat Belet evli mi?<\/td>\n<td>Evet<\/td>\n<\/tr>\n<tr>\n<td>Murat Belet \u00e7ocu\u011fu var m\u0131?<\/td>\n<td>Evet 2 \u00e7ocu\u011fu var.<\/td>\n<\/tr>\n<tr>\n<td>Resmi Sosyal medya hesaplar\u0131<\/td>\n<td><a href=\"https:\/\/www.youtube.com\/user\/MuratBelet\" target=\"_blank\" rel=\"noopener\">Youtube<\/a><br \/>\n<a href=\"https:\/\/www.facebook.com\/muratbeletoffical\/\" target=\"_blank\" rel=\"noopener\">Facebook<\/a><br \/>\n<a href=\"https:\/\/www.instagram.com\/muratbelett\/\" target=\"_blank\" rel=\"noopener\">Instagram<\/a><br \/>\n<a href=\"https:\/\/twitter.com\/MuratBelet\" target=\"_blank\" rel=\"noopener\">Twitter<\/a><br \/>\n<a href=\"https:\/\/open.spotify.com\/artist\/1aGDQkLy73SE8pPwdkZAxn?autoplay=true\" target=\"_blank\" rel=\"noopener\">Spotify<\/a><br \/>\n<a href=\"https:\/\/music.youtube.com\/channel\/UCn4cjbKtCF54yUEp9o9u9RQ\" target=\"_blank\" rel=\"noopener\">Youtube Music<\/a><br \/>\n<a href=\"https:\/\/music.apple.com\/tr\/artist\/murat-belet\/957870139\" target=\"_blank\" rel=\"noopener\">Apple Music<\/a><br \/>\n<a href=\"https:\/\/www.deezer.com\/tr\/artist\/7347918\" target=\"_blank\" rel=\"noopener\">Deezer<\/a><\/td>\n<\/tr>\n<\/tbody>\n<\/table>\n<p><iframe loading=\"lazy\" title=\"Murat Belet - K\u00fcl Eyle (TRT 1)\" width=\"1200\" height=\"675\" src=\"https:\/\/www.youtube.com\/embed\/RIiM1kNkbdw?feature=oembed\" frameborder=\"0\" allow=\"accelerometer; autoplay; clipboard-write; encrypted-media; gyroscope; picture-in-picture; web-share\" allowfullscreen><\/iframe><\/p>\n<h2><span class=\"ez-toc-section\" id=\"Murat_Belet_Eserleri\"><\/span>Murat Belet Eserleri<span class=\"ez-toc-section-end\"><\/span><\/h2>\n<p>Murat Belet&#8217;in baz\u0131 pop\u00fcler eserlerinin isimleri:<\/p>\n<ul>\n<li>Yoluna Kurban<\/li>\n<li>Hicran<\/li>\n<li>Matem Ay\u0131<\/li>\n<li>El Emin<\/li>\n<li>G\u00f6nl\u00fcme Sor<\/li>\n<li>A\u011fla G\u00f6n\u00fcl<\/li>\n<li>Ate\u015f-i A\u015fk<\/li>\n<li>G\u00fcl-i Yarem<\/li>\n<li>Nisan Ya\u011fmuru<\/li>\n<li>K\u00fcl Eyle<\/li>\n<li>Geliyorum<\/li>\n<\/ul>\n<p><strong>Murat Belet Kimdir<\/strong> hakk\u0131ndaki d\u00fc\u015f\u00fcncelerinizi yorumlar b\u00f6l\u00fcm\u00fcnden payla\u015fabilirsiniz. <span style=\"color: #008000;\"><em>Murat Belet Kimdir<\/em><\/span> isimli konuyu okudu\u011funuz i\u00e7in te\u015fekk\u00fcr ederiz.<\/p>\n<p>&nbsp;<\/p>\n<p><iframe loading=\"lazy\" title=\"Murat Belet   Sebeba m\u0131n\" width=\"1200\" height=\"900\" src=\"https:\/\/www.youtube.com\/embed\/t3XmVyV6nNs?feature=oembed\" frameborder=\"0\" allow=\"accelerometer; autoplay; clipboard-write; encrypted-media; gyroscope; picture-in-picture; web-share\" allowfullscreen><\/iframe><\/p>\n<hr \/>\n<blockquote class=\"wp-block-quote\"><p><em><a href=\"https:\/\/petinya.org\/blog\/seyyid-taleh\/\">Seyyid Taleh Kimdir?<\/a><\/em><\/p><\/blockquote>\n<div id=\"ez-toc-container\" class=\"ez-toc-v2_0_82_2 counter-hierarchy ez-toc-counter ez-toc-grey ez-toc-container-direction\">\n<div class=\"ez-toc-title-container\">\n<p class=\"ez-toc-title\" style=\"cursor:inherit\">\u0130\u00e7indekiler<\/p>\n<span class=\"ez-toc-title-toggle\"><a href=\"#\" class=\"ez-toc-pull-right ez-toc-btn ez-toc-btn-xs ez-toc-btn-default ez-toc-toggle\" aria-label=\"\u0130\u00e7indekiler Tablosunu A\u00e7\/Kapat\"><span class=\"ez-toc-js-icon-con\"><span class=\"\"><span class=\"eztoc-hide\" style=\"display:none;\">Toggle<\/span><span class=\"ez-toc-icon-toggle-span\"><svg style=\"fill: #999;color:#999\" xmlns=\"http:\/\/www.w3.org\/2000\/svg\" class=\"list-377408\" width=\"20px\" height=\"20px\" viewBox=\"0 0 24 24\" fill=\"none\"><path d=\"M6 6H4v2h2V6zm14 0H8v2h12V6zM4 11h2v2H4v-2zm16 0H8v2h12v-2zM4 16h2v2H4v-2zm16 0H8v2h12v-2z\" fill=\"currentColor\"><\/path><\/svg><svg style=\"fill: #999;color:#999\" class=\"arrow-unsorted-368013\" xmlns=\"http:\/\/www.w3.org\/2000\/svg\" width=\"10px\" height=\"10px\" viewBox=\"0 0 24 24\" version=\"1.2\" baseProfile=\"tiny\"><path d=\"M18.2 9.3l-6.2-6.3-6.2 6.3c-.2.2-.3.4-.3.7s.1.5.3.7c.2.2.4.3.7.3h11c.3 0 .5-.1.7-.3.2-.2.3-.5.3-.7s-.1-.5-.3-.7zM5.8 14.7l6.2 6.3 6.2-6.3c.2-.2.3-.5.3-.7s-.1-.5-.3-.7c-.2-.2-.4-.3-.7-.3h-11c-.3 0-.5.1-.7.3-.2.2-.3.5-.3.7s.1.5.3.7z\"\/><\/svg><\/span><\/span><\/span><\/a><\/span><\/div>\n<nav><ul class='ez-toc-list ez-toc-list-level-1 eztoc-toggle-hide-by-default' ><li class='ez-toc-page-1 ez-toc-heading-level-2'><a class=\"ez-toc-link ez-toc-heading-1\" href=\"https:\/\/petinya.org\/blog\/murat-belet-kimdir-biyografi\/#Murat_Belet_Kimdir\" >Murat Belet Kimdir?<\/a><\/li><li class='ez-toc-page-1 ez-toc-heading-level-2'><a class=\"ez-toc-link ez-toc-heading-2\" href=\"https:\/\/petinya.org\/blog\/murat-belet-kimdir-biyografi\/#Murat_Belet_Eserleri\" >Murat Belet Eserleri<\/a><\/li><\/ul><\/nav><\/div>\n","protected":false},"excerpt":{"rendered":"<p>Murat Belet Kimdir: M\u00fczik, insanlar\u0131n hislerini ifade etmenin, sevgiyi ve ac\u0131y\u0131 payla\u015fman\u0131n, ve en derin duygular\u0131 anlatman\u0131n evrensel bir dili olarak bilinir. Ancak baz\u0131 sanat\u00e7\u0131lar vard\u0131r ki, bu m\u00fczikal dile dair daha \u00f6zel &#8230; <\/p>\n<p class=\"read-more-container\"><a title=\"Murat Belet Kimdir &#8211; Biyografi\" class=\"read-more button\" href=\"https:\/\/petinya.org\/blog\/murat-belet-kimdir-biyografi\/#more-11863\" aria-label=\"Read more about Murat Belet Kimdir &#8211; Biyografi\">Devam\u0131n\u0131 Oku<\/a><\/p>\n","protected":false},"author":1,"featured_media":11864,"comment_status":"closed","ping_status":"closed","sticky":false,"template":"","format":"standard","meta":{"footnotes":""},"categories":[1],"tags":[],"class_list":["post-11863","post","type-post","status-publish","format-standard","has-post-thumbnail","hentry","category-genel"],"views":1215,"_links":{"self":[{"href":"https:\/\/petinya.org\/blog\/wp-json\/wp\/v2\/posts\/11863","targetHints":{"allow":["GET"]}}],"collection":[{"href":"https:\/\/petinya.org\/blog\/wp-json\/wp\/v2\/posts"}],"about":[{"href":"https:\/\/petinya.org\/blog\/wp-json\/wp\/v2\/types\/post"}],"author":[{"embeddable":true,"href":"https:\/\/petinya.org\/blog\/wp-json\/wp\/v2\/users\/1"}],"replies":[{"embeddable":true,"href":"https:\/\/petinya.org\/blog\/wp-json\/wp\/v2\/comments?post=11863"}],"version-history":[{"count":0,"href":"https:\/\/petinya.org\/blog\/wp-json\/wp\/v2\/posts\/11863\/revisions"}],"wp:featuredmedia":[{"embeddable":true,"href":"https:\/\/petinya.org\/blog\/wp-json\/wp\/v2\/media\/11864"}],"wp:attachment":[{"href":"https:\/\/petinya.org\/blog\/wp-json\/wp\/v2\/media?parent=11863"}],"wp:term":[{"taxonomy":"category","embeddable":true,"href":"https:\/\/petinya.org\/blog\/wp-json\/wp\/v2\/categories?post=11863"},{"taxonomy":"post_tag","embeddable":true,"href":"https:\/\/petinya.org\/blog\/wp-json\/wp\/v2\/tags?post=11863"}],"curies":[{"name":"wp","href":"https:\/\/api.w.org\/{rel}","templated":true}]}}