{"id":11299,"date":"2023-03-16T02:32:11","date_gmt":"2023-03-16T02:32:11","guid":{"rendered":"https:\/\/petinya.org\/blog\/?p=11299"},"modified":"2023-03-16T02:32:11","modified_gmt":"2023-03-16T02:32:11","slug":"seyyid-taleh","status":"publish","type":"post","link":"https:\/\/petinya.org\/blog\/seyyid-taleh\/","title":{"rendered":"Seyyid Taleh Biyografi 2023"},"content":{"rendered":"<table>\n<tbody>\n<tr>\n<th>Seyyid Taleh Boradigahi<\/th>\n<th>Cevaplar<\/th>\n<\/tr>\n<tr>\n<td>Seyyid Taleh ger\u00e7ek ad\u0131 nedir ?<\/td>\n<td>Asadov Tale Mirhadi o\u011flu<\/td>\n<\/tr>\n<tr>\n<td>Seyyid Taleh ka\u00e7 ya\u015f\u0131nda ?<\/td>\n<td>2023 y\u0131l\u0131 itibariyle 34 ya\u015f\u0131ndad\u0131r.<\/td>\n<\/tr>\n<tr>\n<td>Seyyid Taleh nereli?<\/td>\n<td>Azerbaycan<\/td>\n<\/tr>\n<tr>\n<td>Seyyid Taleh mesle\u011fi?<\/td>\n<td>Sanat\u00e7\u0131<\/td>\n<\/tr>\n<tr>\n<td>Seyyid Taleh do\u011fum tarihi?<\/td>\n<td>2 A\u011fustos 1988<\/td>\n<\/tr>\n<tr>\n<td>Seyyid Taleh hangi bur\u00e7?<\/td>\n<td>Aslan<\/td>\n<\/tr>\n<tr>\n<td>Seyyid Taleh e\u011fitim durumu?<\/td>\n<td>Bak\u00fc \u0130slam \u00dcniversitesi<\/td>\n<\/tr>\n<tr>\n<td>Sosyal medya hesaplar\u0131<\/td>\n<td><a href=\"https:\/\/www.youtube.com\/channel\/UCodJgF2FP8qvw4Z09CFITYQ\" target=\"_blank\" rel=\"noopener\">Youtube<\/a><br \/>\n<a href=\"https:\/\/m.facebook.com\/seyyidtalehboradigah\" target=\"_blank\" rel=\"noopener\">Facebook<\/a><br \/>\n<a href=\"https:\/\/www.instagram.com\/seyyidtalehboradigahi\/\" target=\"_blank\" rel=\"noopener\">Instagram<\/a><br \/>\n<a href=\"https:\/\/www.tiktok.com\/@seyyidtalehboradigahi?_d=secCgYIASAHKAESMgowY3%2FLu47cWWO3MVfp0PwgiPErULYVSOeeFtRuH8B6Gf8Namaxtj7Dm5Ss0tQgCNIYGgA%3D&amp;_r=1&amp;language=tr&amp;sec_uid=MS4wLjABAAAAsWU120cwoO2cTk-oTHxTDhLWAhKA3HKHUOofvNCPlOd-UWDJ9ZLWIfjHe1blCaKY&amp;sec_user_id=MS4wLjABAAAAPhDw-Rnk4lKbPOlD_nZ6tqb8TwQAQaxON_VtojpcYIv1ohJEZCZp_x5YXMhLD021&amp;share_app_id=1233&amp;share_author_id=6652327000609652742&amp;share_link_id=21d33c53-ff40-418b-8c4e-4615eaa73500&amp;source=h5_m&amp;timestamp=1620968916&amp;u_code=d9j4m15m847lgi&amp;user_id=6768013140510639109&amp;utm_campaign=client_share&amp;utm_medium=android&amp;utm_source=copy\" target=\"_blank\" rel=\"noopener\">Tiktok<\/a><br \/>\n<a href=\"https:\/\/t.me\/seyyidtalehbakui\" target=\"_blank\" rel=\"noopener\">Telegram<\/a><\/td>\n<\/tr>\n<\/tbody>\n<\/table>\n<h2>Seyyid Taleh Kimdir?<\/h2>\n<p>Seyyid Taleh Boradigahi ger\u00e7ek ad\u0131 Asadov Tale Mirhadi o\u011flu. Seyyid Taleh Boradigahi, ilahiyat\u00e7\u0131 ve zerafet sanat\u00e7\u0131s\u0131 olarak m\u00fczik hayat\u0131na devam etmektedir. 2013 y\u0131l\u0131ndan bu yana aktif bir \u015fekilde m\u00fczik d\u00fcnyas\u0131nda yer almaktad\u0131r.<\/p>\n<p>Seyyid Taleh Boradigahi, Azerbaycan vatanda\u015f\u0131d\u0131r. E\u011fitimini Bak\u00fc \u0130slam \u00dcniversitesi&#8217;nde okumu\u015f ve din e\u011fitimi alm\u0131\u015ft\u0131r. Azerbaycan&#8217;\u0131n Boradigah yerle\u015fkesinde do\u011fan Asadov Tale Mirhadi o\u011flu, m\u00fczik hayat\u0131na takma ad\u0131 olan Seyyid Taleh Boradigahi olarak devam etmektedir.<\/p>\n<p>Asadov Tale Mirhadi o\u011flu, 2 A\u011fustos 1988 tarihinde Azerbaycan Masall\u0131 il\u00e7esine ba\u011fl\u0131 Boradigah kasabas\u0131nda do\u011fdu. Dinine ba\u011fl\u0131 bir ailede b\u00fcy\u00fcyen Tale, \u00e7ocuklu\u011fundan itibaren dini bilgilere ve a\u011f\u0131tlara ilgi duydu. Ailesiyle birlikte Rusya&#8217;da ya\u015fad\u0131\u011f\u0131 i\u00e7in yakla\u015f\u0131k 8-9 ya\u015f\u0131ndayken Muharrem ay\u0131nda camilerde a\u011f\u0131tlar okumaya ba\u015flad\u0131.<\/p>\n<p>Babas\u0131ndan din e\u011fitimi alan Tale, 16 ya\u015f\u0131nda Bak\u00fc&#8217;ye ta\u015f\u0131nd\u0131 ve \u0130slam \u00dcniversitesi&#8217;ne kaydoldu. Gen\u00e7 ya\u015fta tan\u0131nmaya ba\u015flad\u0131 ve \u0130slami d\u00fc\u011f\u00fcnlerde faaliyetlerine devam etti. Ailesinde \u00fc\u00e7 karde\u015f var, iki karde\u015fine de hocal\u0131k yapan Seyyid Taleh, onlar\u0131 da Ehlibeyt Meddah\u0131 olarak yeti\u015ftirdi. Seyyid Fariq ve Seyyid Peyman, Tale&#8217;nin do\u011fum karde\u015fleri ve ikisi de Ehlibeyt Meddah\u0131d\u0131r.<\/p>\n<p>&nbsp;<\/p>\n<p><iframe loading=\"lazy\" title=\"Seyyid Taleh - Balam lay lay - Ali lay lay - Meherrem ayi ucun 2019\" width=\"1200\" height=\"675\" src=\"https:\/\/www.youtube.com\/embed\/AGVVhQCXq_0?feature=oembed\" frameborder=\"0\" allow=\"accelerometer; autoplay; clipboard-write; encrypted-media; gyroscope; picture-in-picture; web-share\" allowfullscreen><\/iframe><\/p>\n<p>&nbsp;<\/p>\n<blockquote class=\"wp-block-quote\"><p><em><br \/>\n\u00d6nerilen yaz\u0131: <a href=\"https:\/\/petinya.org\/blog\/balkan-ninnisi-maria-kimdir-benu-sahin\/\">Balkan Ninnisi Maria Kimdir &#8211; Benu \u015eahin<\/a><br \/>\n<\/em><\/p><\/blockquote>\n<hr \/>\n","protected":false},"excerpt":{"rendered":"<p>Seyyid Taleh Boradigahi Cevaplar Seyyid Taleh ger\u00e7ek ad\u0131 nedir ? Asadov Tale Mirhadi o\u011flu Seyyid Taleh ka\u00e7 ya\u015f\u0131nda ? 2023 y\u0131l\u0131 itibariyle 34 ya\u015f\u0131ndad\u0131r. Seyyid Taleh nereli? Azerbaycan Seyyid Taleh mesle\u011fi? Sanat\u00e7\u0131 Seyyid &#8230; <\/p>\n<p class=\"read-more-container\"><a title=\"Seyyid Taleh Biyografi 2023\" class=\"read-more button\" href=\"https:\/\/petinya.org\/blog\/seyyid-taleh\/#more-11299\" aria-label=\"Read more about Seyyid Taleh Biyografi 2023\">Devam\u0131n\u0131 Oku<\/a><\/p>\n","protected":false},"author":1,"featured_media":11300,"comment_status":"closed","ping_status":"closed","sticky":false,"template":"","format":"standard","meta":{"footnotes":""},"categories":[1],"tags":[],"class_list":["post-11299","post","type-post","status-publish","format-standard","has-post-thumbnail","hentry","category-genel"],"views":2773,"_links":{"self":[{"href":"https:\/\/petinya.org\/blog\/wp-json\/wp\/v2\/posts\/11299","targetHints":{"allow":["GET"]}}],"collection":[{"href":"https:\/\/petinya.org\/blog\/wp-json\/wp\/v2\/posts"}],"about":[{"href":"https:\/\/petinya.org\/blog\/wp-json\/wp\/v2\/types\/post"}],"author":[{"embeddable":true,"href":"https:\/\/petinya.org\/blog\/wp-json\/wp\/v2\/users\/1"}],"replies":[{"embeddable":true,"href":"https:\/\/petinya.org\/blog\/wp-json\/wp\/v2\/comments?post=11299"}],"version-history":[{"count":0,"href":"https:\/\/petinya.org\/blog\/wp-json\/wp\/v2\/posts\/11299\/revisions"}],"wp:featuredmedia":[{"embeddable":true,"href":"https:\/\/petinya.org\/blog\/wp-json\/wp\/v2\/media\/11300"}],"wp:attachment":[{"href":"https:\/\/petinya.org\/blog\/wp-json\/wp\/v2\/media?parent=11299"}],"wp:term":[{"taxonomy":"category","embeddable":true,"href":"https:\/\/petinya.org\/blog\/wp-json\/wp\/v2\/categories?post=11299"},{"taxonomy":"post_tag","embeddable":true,"href":"https:\/\/petinya.org\/blog\/wp-json\/wp\/v2\/tags?post=11299"}],"curies":[{"name":"wp","href":"https:\/\/api.w.org\/{rel}","templated":true}]}}