{"id":10693,"date":"2022-11-04T18:50:33","date_gmt":"2022-11-04T18:50:33","guid":{"rendered":"https:\/\/petinya.org\/blog\/?p=10693"},"modified":"2022-11-04T18:50:33","modified_gmt":"2022-11-04T18:50:33","slug":"z-kusagi","status":"publish","type":"post","link":"https:\/\/petinya.org\/blog\/z-kusagi\/","title":{"rendered":"Z Ku\u015fa\u011f\u0131 Ne Anlama Gelir ve Kimleri Kaps\u0131yor?"},"content":{"rendered":"<p>2022&#8217;de isim, do\u011fum tarihi ve ya\u015flar\u0131na g\u00f6re tan\u0131mlanan ku\u015faklar.<\/p>\n<p>2022&#8217;de nesillerin ya\u015flar\u0131 ka\u00e7? Biraz detayl\u0131 analiz yapt\u0131\u011f\u0131m\u0131zda, tarihlerin \u00e7ak\u0131\u015ft\u0131\u011f\u0131n\u0131 ve isimlerin de\u011fi\u015fti\u011fini g\u00f6zlemleyeceksiniz. Ku\u015fak terimleri ilebir d\u00f6k\u00fcmna okuyor ve televizyonlarda izliyoruz., Ku\u015faklar ile ilgili en yayg\u0131n fikir birli\u011fi ve Pew Ara\u015ft\u0131rma Merkezi taraf\u0131ndan yap\u0131lan yeni <strong>Z Ku\u015fa\u011f\u0131<\/strong> analizine ve Amerika Birle\u015fik Devletleri <a href=\"https:\/\/petinya.org\/blog\/dini-muslumanlik-olan-ulkelerdeki-ateist-sayisi\/\">N\u00fcfus<\/a> Say\u0131m\u0131 B\u00fcrosu (Baby Boomers) taraf\u0131ndan tan\u0131mlanan bir nesle dayanarak, bunlar 2022 y\u0131l\u0131nda ge\u00e7erli olan ku\u015faklar\u0131n do\u011fum tarihleri ve ya\u015flar\u0131d\u0131r.<\/p>\n<h2><span class=\"ez-toc-section\" id=\"Kusaklar_ve_Yillari\"><\/span>Ku\u015faklar ve Y\u0131llar\u0131<span class=\"ez-toc-section-end\"><\/span><\/h2>\n<ol>\n<li><strong>Sessiz Ku\u015fak<\/strong> 1928- 1945&#8217;e kadar do\u011fan herkestir.<\/li>\n<li><strong>Bebek Patlamas\u0131<\/strong> 1946- 1964&#8217;e kadar do\u011fan herkestir.<\/li>\n<li><strong>X Ku\u015fa\u011f\u0131<\/strong> 1965- 1980&#8217;a kadar do\u011fan herkestir.<\/li>\n<li><strong>Y Ku\u015fa\u011f\u0131<\/strong> 1981- 1996&#8217;a kadar do\u011fan herkestir.<\/li>\n<li><strong>Z Ku\u015fa\u011f\u0131<\/strong> 1997- 2012&#8217;ye kadar do\u011fan herkestir.<\/li>\n<li><strong>Alfa Ku\u015fa\u011f\u0131<\/strong> 2013-2024&#8217;e kadar do\u011fan herkestir.<\/li>\n<\/ol>\n<p><strong>Not: Ku\u015fak isimleri, o neslin \u00fcyelerinin yeti\u015fkin olduklar\u0131na (18 ile 21) ya\u015flar\u0131n\u0131 kapsamaktad\u0131r.<\/strong><\/p>\n<p>&nbsp;<\/p>\n<table>\n<thead>\n<tr>\n<th align=\"left\"><strong>Nesiller<\/strong><\/th>\n<th align=\"left\"><strong>Do\u011fanlar<\/strong><\/th>\n<\/tr>\n<\/thead>\n<tbody>\n<tr>\n<td align=\"left\"><strong>Alfa Ku\u015fa\u011f\u0131<\/strong><\/td>\n<td align=\"left\">2013\u2013 2024<\/td>\n<\/tr>\n<tr>\n<td align=\"left\"><strong>\u00a0Z Ku\u015fa\u011f\u0131<br \/>\n<\/strong><\/td>\n<td align=\"left\">1997 \u2013 2012<\/td>\n<\/tr>\n<tr>\n<td align=\"left\"><strong>Y Ku\u015fa\u011f\u0131<br \/>\n<\/strong><\/td>\n<td align=\"left\">1981 \u2013 1996<\/td>\n<\/tr>\n<tr>\n<td align=\"left\"><strong>X Ku\u015fa\u011f\u0131<br \/>\n<\/strong><\/td>\n<td align=\"left\">1965 \u2013 1980<\/td>\n<\/tr>\n<tr>\n<td align=\"left\"><strong>Boomers II<br \/>\n<\/strong><\/td>\n<td align=\"left\">1955 \u2013 1964<\/td>\n<\/tr>\n<tr>\n<td align=\"left\"><strong>Boomers I<\/strong><\/td>\n<td align=\"left\">1946 \u2013 1954<\/td>\n<\/tr>\n<tr>\n<td align=\"left\"><strong>Sezssiz Ku\u015fak<\/strong><\/td>\n<td align=\"left\">1928 \u2013 1945<\/td>\n<\/tr>\n<\/tbody>\n<\/table>\n<p>Her d\u00f6nemin kendine g\u00f6re \u00f6zellikleri ve dinamikleri var. Sizler de yeti\u015fti\u011finiz d\u00f6neme ba\u011fl\u0131 olarak baz\u0131 \u00f6zellikleri ister istemez kazanmad\u0131n\u0131z m\u0131? 60 ku\u015fa\u011f\u0131, 70\u2019ler, 80\u2019ler, 90\u2019lar gibi d\u00f6nem isimleri yan\u0131nda <strong>Z ku\u015fa\u011f\u0131<\/strong> diye bilinen bir ku\u015faktan da s\u00f6z ediliyor.Demograf ve ara\u015ft\u0131rmac\u0131lar taraf\u0131ndan Gen Z ile isimlendirilen <strong>Z ku\u015fa\u011f\u0131 ne anlama geliyor<\/strong>, hangi \u00f6zellikleri ta\u015f\u0131yor, Z ku\u015fa\u011f\u0131n\u0131 farkl\u0131 k\u0131lan ne gibi sorulara yaz\u0131m\u0131zda yan\u0131tlar vermeye \u00e7al\u0131\u015faca\u011f\u0131z.<\/p>\n<p>Z ku\u015fa\u011f\u0131, 1990&#8217;lar\u0131n ortas\u0131ndan g\u00fcn\u00fcm\u00fcze dek do\u011fanlar\u0131 i\u00e7ine alan gruptur. \u0130\u015f, siyaset, e\u011fitim gibi alanlar\u0131n da ilgi alan\u0131na girmi\u015f olan bu ku\u015fak i\u00e7in teknolojinin kuca\u011f\u0131na do\u011fmu\u015f olan bir nesil olarak ifadesi de kullan\u0131l\u0131r.<\/p>\n<h2><span class=\"ez-toc-section\" id=\"Z_Kusaginin_Genel_Ozellikleri\"><\/span>Z Ku\u015fa\u011f\u0131n\u0131n Genel \u00d6zellikleri<span class=\"ez-toc-section-end\"><\/span><\/h2>\n<p>Bu ku\u015fa\u011f\u0131 genel \u00f6zellikleri aras\u0131nda, analitik ve h\u0131zl\u0131 d\u00fc\u015f\u00fcnme ba\u015fta say\u0131l\u0131r. Bu metotlar\u0131 ba\u015far\u0131l\u0131 bi\u00e7imde kullanabilen <strong>Z Ku\u015fa\u011f\u0131 \u00fcyeleri<\/strong>, bu \u00f6zelliklerini bireysellikten \u00f6teye ge\u00e7meden kullanmaktad\u0131r. Dikkat \u00e7eken \u00f6zelli\u011fi, tak\u0131m \u00e7al\u0131\u015fmalar\u0131na bu nedenle yatk\u0131n olmamalar\u0131d\u0131r. Kendisine olan \u00f6z g\u00fcveni olduk\u00e7a y\u00fcksek olan internet ku\u015fa\u011f\u0131 mensuplar\u0131, \u00f6zg\u00fcrl\u00fc\u011f\u00fcne d\u00fc\u015fk\u00fcnd\u00fcr ve ba\u011f\u0131ms\u0131zl\u0131klar\u0131na \u00f6nem verir.<\/p>\n<p>Ara\u015ft\u0131rmalar onlar\u0131n \u00f6zellikleri i\u00e7in olduk\u00e7a fazla fikir veriyor. Modern ku\u015fa\u011f\u0131n \u00fcyeleri, \u00a0ailelerinin onlara de\u011fi\u015fik bakt\u0131klar\u0131 ger\u00e7e\u011fi \u00fczerinde fikir sahibidir. Cinsiyet e\u015fitli\u011fi ve LGBTI konular\u0131nda a\u00e7\u0131k g\u00f6r\u00fc\u015flere sahip olsalar bile g\u00f6\u00e7 gibi konularda daha muhafazakar bir yap\u0131ya sahiptirler. Dijital teknoloji geli\u015fmelerinde d\u00fcnyaya gelip bu ortamda b\u00fcy\u00fcyen bu ku\u015fak, bu teknolojiyi \u00e7ok iyi kullan\u0131yor. Sosyal konulara ilgisi de olduk\u00e7a fazla olan nesil, bunu internet ve sosyal medya \u00fczerinde etkin bi\u00e7imde g\u00f6steriyor.<\/p>\n<p>K\u00fcresel n\u00fcfus i\u00e7inde \u00f6nemli bir paya sahip olan <strong>Z ku\u015fa\u011f\u0131<\/strong> \u00fcyeleri, \u015firketlerin oldu\u011fu kadar siyasilerin de ilgisini \u00e7ekiyor. Oran olarak d\u00fcnya n\u00fcfusunun 2 oran\u0131nda bir b\u00f6l\u00fcm\u00fcn\u00fcn Z ku\u015fa\u011f\u0131ndan oldu\u011fu biliniyor. Dijital teknolojiler ile de\u011fi\u015fmekte olan d\u00fcnyaya gelmi\u015f olan bu ku\u015fak, ba\u015fl\u0131ca haber kayna\u011f\u0131 olarak sosyal medya tercihinde bulunuyor. \u00dcyelerinin y\u00fcksek\u00f6\u011fretim g\u00f6renlerinin oran\u0131 olduk\u00e7a y\u00fcksek ve ba\u015far\u0131l\u0131 bir nesil olarak biliniyor.<\/p>\n<p>Modern ku\u015fa\u011f\u0131n \u00fcyeleri, kariyer odakl\u0131 ve onlar i\u00e7in m\u00fcmk\u00fcn olmayan herhangi bir \u015feyin olmad\u0131\u011f\u0131na inan\u0131yorlar. \u00c7al\u0131\u015fma ya\u015fam\u0131na hen\u00fcz girmeye ba\u015flayan bu nesil, giri\u015fimci yap\u0131lar\u0131yla ad\u0131ndan s\u00f6z ettirecek gibi g\u00f6r\u00fcn\u00fcyor. \u0130\u00e7erisinde bulunduklar\u0131 \u00e7e\u015fitli sosyolojik gruplarla ili\u015fki kurmada ba\u015far\u0131l\u0131 olduklar\u0131n\u0131 g\u00f6sterdiler. \u00d6zellikle hak arama konular\u0131nda di\u011fer ku\u015faklardan daha ba\u015far\u0131l\u0131lar. \u0130nternet ku\u015fa\u011f\u0131 olarak g\u00f6sterilen <em>Z ku\u015fa\u011f\u0131<\/em>, yeni se\u00e7imlerde de belirleyici olaca\u011f\u0131ndan kalabal\u0131k n\u00fcfusuyla siyasilerin hedefinde olan bir nesildir.<\/p>\n<h2><span class=\"ez-toc-section\" id=\"Z_Kusagi_Yas_Araligi\"><\/span>Z Ku\u015fa\u011f\u0131 Ya\u015f Aral\u0131\u011f\u0131<span class=\"ez-toc-section-end\"><\/span><\/h2>\n<p><strong>Z Ku\u015fa\u011f\u0131 1997- 2012&#8217;ye kadar do\u011fan herkestir.<\/strong> Pew Ara\u015ft\u0131rma Merkezi, nesillerin ayn\u0131 d\u00f6nem 15-20 senelik s\u00fcre i\u00e7inde do\u011fan insan gruplar\u0131 taraf\u0131ndan tan\u0131mland\u0131\u011f\u0131n\u0131 a\u00e7\u0131kl\u0131yor bizlere. \u0130nsanlar aras\u0131nda zaman\u0131n nas\u0131l bir de\u011fi\u015fim s\u00fcrei g\u00f6sterdi\u011fini g\u00f6zlemlemek i\u00e7in nesiller aras\u0131 nas\u0131l \u00f6l\u00e7\u00fcm yap\u0131ld\u0131\u011f\u0131n\u0131 a\u00e7\u0131klar. <strong>Pew<\/strong>, Bu \u015fekilde &#8220;Farkl\u0131 deneyimler ile insanlar\u0131n d\u00fcnyaya bak\u0131\u015f a\u00e7\u0131s\u0131n\u0131 \u015fekillendirmek i\u00e7in ya\u015fam d\u00f6ng\u00fcs\u00fcn\u00fc ve ya\u015flanma s\u00fcreciyle nas\u0131l etkile\u015fim sa\u011flad\u0131\u011f\u0131n\u0131 anlaman\u0131n bir yolunu sunabilir diyor.&#8221;.<\/p>\n<p>&nbsp;<\/p>\n<p>Nesillerin nas\u0131l tan\u0131mland\u0131\u011f\u0131 hakk\u0131nda daha fazla bilgi i\u00e7in \u015fu referanslara g\u00f6z at\u0131n:\u00a0<a href=\"https:\/\/en.wikipedia.org\/wiki\/Generation\" target=\"_blank\" rel=\"noopener\">Vikipedi<\/a>,\u00a0<a href=\"https:\/\/www.kasasa.com\/exchange\/articles\/generations\/gen-x-gen-y-gen-z\" target=\"_blank\" rel=\"noopener\">Kasasa<\/a>,\u00a0<a href=\"https:\/\/genhq.com\/FAQ-info-about-generations\/#:~:text=A%20generation%20is%20a%20group%20of%20people%20born,similar%20characteristics%2C%20preferences%2C%20and%20values%20over%20their%20lifetimes\" target=\"_blank\" rel=\"noopener\">GenHQ<\/a> ve <a href=\"https:\/\/2qean3b1jjd1s87812ool5ji-wpengine.netdna-ssl.com\/wp-content\/uploads\/2018\/03\/Generations-Defined-Sociologically.pdf\" target=\"_blank\" rel=\"noopener\">NetDNA.<\/a>\u00a0Generation Jones&#8217;un kendi<a href=\"http:\/\/www.generationjones.com\/\" target=\"_blank\" rel=\"noopener\"> web sitesi<\/a> de bu linkten eri\u015fim sa\u011flayabilirsiniz.<\/p>\n<div id=\"ez-toc-container\" class=\"ez-toc-v2_0_82_2 counter-hierarchy ez-toc-counter ez-toc-grey ez-toc-container-direction\">\n<div class=\"ez-toc-title-container\">\n<p class=\"ez-toc-title\" style=\"cursor:inherit\">\u0130\u00e7indekiler<\/p>\n<span class=\"ez-toc-title-toggle\"><a href=\"#\" class=\"ez-toc-pull-right ez-toc-btn ez-toc-btn-xs ez-toc-btn-default ez-toc-toggle\" aria-label=\"\u0130\u00e7indekiler Tablosunu A\u00e7\/Kapat\"><span class=\"ez-toc-js-icon-con\"><span class=\"\"><span class=\"eztoc-hide\" style=\"display:none;\">Toggle<\/span><span class=\"ez-toc-icon-toggle-span\"><svg style=\"fill: #999;color:#999\" xmlns=\"http:\/\/www.w3.org\/2000\/svg\" class=\"list-377408\" width=\"20px\" height=\"20px\" viewBox=\"0 0 24 24\" fill=\"none\"><path d=\"M6 6H4v2h2V6zm14 0H8v2h12V6zM4 11h2v2H4v-2zm16 0H8v2h12v-2zM4 16h2v2H4v-2zm16 0H8v2h12v-2z\" fill=\"currentColor\"><\/path><\/svg><svg style=\"fill: #999;color:#999\" class=\"arrow-unsorted-368013\" xmlns=\"http:\/\/www.w3.org\/2000\/svg\" width=\"10px\" height=\"10px\" viewBox=\"0 0 24 24\" version=\"1.2\" baseProfile=\"tiny\"><path d=\"M18.2 9.3l-6.2-6.3-6.2 6.3c-.2.2-.3.4-.3.7s.1.5.3.7c.2.2.4.3.7.3h11c.3 0 .5-.1.7-.3.2-.2.3-.5.3-.7s-.1-.5-.3-.7zM5.8 14.7l6.2 6.3 6.2-6.3c.2-.2.3-.5.3-.7s-.1-.5-.3-.7c-.2-.2-.4-.3-.7-.3h-11c-.3 0-.5.1-.7.3-.2.2-.3.5-.3.7s.1.5.3.7z\"\/><\/svg><\/span><\/span><\/span><\/a><\/span><\/div>\n<nav><ul class='ez-toc-list ez-toc-list-level-1 eztoc-toggle-hide-by-default' ><li class='ez-toc-page-1 ez-toc-heading-level-2'><a class=\"ez-toc-link ez-toc-heading-1\" href=\"https:\/\/petinya.org\/blog\/z-kusagi\/#Kusaklar_ve_Yillari\" >Ku\u015faklar ve Y\u0131llar\u0131<\/a><\/li><li class='ez-toc-page-1 ez-toc-heading-level-2'><a class=\"ez-toc-link ez-toc-heading-2\" href=\"https:\/\/petinya.org\/blog\/z-kusagi\/#Z_Kusaginin_Genel_Ozellikleri\" >Z Ku\u015fa\u011f\u0131n\u0131n Genel \u00d6zellikleri<\/a><\/li><li class='ez-toc-page-1 ez-toc-heading-level-2'><a class=\"ez-toc-link ez-toc-heading-3\" href=\"https:\/\/petinya.org\/blog\/z-kusagi\/#Z_Kusagi_Yas_Araligi\" >Z Ku\u015fa\u011f\u0131 Ya\u015f Aral\u0131\u011f\u0131<\/a><\/li><\/ul><\/nav><\/div>\n","protected":false},"excerpt":{"rendered":"<p>2022&#8217;de isim, do\u011fum tarihi ve ya\u015flar\u0131na g\u00f6re tan\u0131mlanan ku\u015faklar. 2022&#8217;de nesillerin ya\u015flar\u0131 ka\u00e7? Biraz detayl\u0131 analiz yapt\u0131\u011f\u0131m\u0131zda, tarihlerin \u00e7ak\u0131\u015ft\u0131\u011f\u0131n\u0131 ve isimlerin de\u011fi\u015fti\u011fini g\u00f6zlemleyeceksiniz. Ku\u015fak terimleri ilebir d\u00f6k\u00fcmna okuyor ve televizyonlarda izliyoruz., Ku\u015faklar ile &#8230; <\/p>\n<p class=\"read-more-container\"><a title=\"Z Ku\u015fa\u011f\u0131 Ne Anlama Gelir ve Kimleri Kaps\u0131yor?\" class=\"read-more button\" href=\"https:\/\/petinya.org\/blog\/z-kusagi\/#more-10693\" aria-label=\"Read more about Z Ku\u015fa\u011f\u0131 Ne Anlama Gelir ve Kimleri Kaps\u0131yor?\">Devam\u0131n\u0131 Oku<\/a><\/p>\n","protected":false},"author":1,"featured_media":10694,"comment_status":"closed","ping_status":"closed","sticky":false,"template":"","format":"standard","meta":{"footnotes":""},"categories":[1],"tags":[],"class_list":["post-10693","post","type-post","status-publish","format-standard","has-post-thumbnail","hentry","category-genel"],"views":466,"_links":{"self":[{"href":"https:\/\/petinya.org\/blog\/wp-json\/wp\/v2\/posts\/10693","targetHints":{"allow":["GET"]}}],"collection":[{"href":"https:\/\/petinya.org\/blog\/wp-json\/wp\/v2\/posts"}],"about":[{"href":"https:\/\/petinya.org\/blog\/wp-json\/wp\/v2\/types\/post"}],"author":[{"embeddable":true,"href":"https:\/\/petinya.org\/blog\/wp-json\/wp\/v2\/users\/1"}],"replies":[{"embeddable":true,"href":"https:\/\/petinya.org\/blog\/wp-json\/wp\/v2\/comments?post=10693"}],"version-history":[{"count":0,"href":"https:\/\/petinya.org\/blog\/wp-json\/wp\/v2\/posts\/10693\/revisions"}],"wp:featuredmedia":[{"embeddable":true,"href":"https:\/\/petinya.org\/blog\/wp-json\/wp\/v2\/media\/10694"}],"wp:attachment":[{"href":"https:\/\/petinya.org\/blog\/wp-json\/wp\/v2\/media?parent=10693"}],"wp:term":[{"taxonomy":"category","embeddable":true,"href":"https:\/\/petinya.org\/blog\/wp-json\/wp\/v2\/categories?post=10693"},{"taxonomy":"post_tag","embeddable":true,"href":"https:\/\/petinya.org\/blog\/wp-json\/wp\/v2\/tags?post=10693"}],"curies":[{"name":"wp","href":"https:\/\/api.w.org\/{rel}","templated":true}]}}