{"id":10221,"date":"2022-07-19T17:15:39","date_gmt":"2022-07-19T17:15:39","guid":{"rendered":"https:\/\/petinya.org\/blog\/?p=10221"},"modified":"2022-07-19T17:15:39","modified_gmt":"2022-07-19T17:15:39","slug":"piyanist-nerede-cekildi","status":"publish","type":"post","link":"https:\/\/petinya.org\/blog\/piyanist-nerede-cekildi\/","title":{"rendered":"Piyanist Nerede \u00c7ekildi ve Filmin Konusu Ne? (2002)"},"content":{"rendered":"<p><strong>Ronald Harwood<\/strong>\u2019un kaleminden yaz\u0131lan 2002 yap\u0131m\u0131 Piyanist nerede \u00e7ekildi?Dram dolu filmde neler anlat\u0131l\u0131yor.\u0130\u015fte detaylar&#8230;<\/p>\n<p>150 dakikal\u0131k Piyanist filminin b\u00fct\u00e7esi 35 milyonken, ortaya \u00e7\u0131kan has\u0131lat 120.072.577\u2019dir.Biyograf\u0131, dram ve sava\u015f t\u00fcrlerinde izleyicisiyle bulu\u015fan filmin yap\u0131m\u0131nda Birle\u015fik Krall\u0131k, Almanya, Polonya ve Fransa ortak olmu\u015ftur.Filmin m\u00fczikleri de Wojciech Kilar\u2019a aittir.<\/p>\n<h2><span class=\"ez-toc-section\" id=\"Film_Ne_Anlatiyor\"><\/span>Film Ne Anlat\u0131yor?<span class=\"ez-toc-section-end\"><\/span><\/h2>\n<p>Film, 2.D\u00fcnya Sava\u015f\u0131\u2019n\u0131n ba\u015flad\u0131\u011f\u0131 1939 y\u0131l\u0131nda ge\u00e7iyor. Bu y\u0131llarda Almanya\u2019n\u0131n Polonya\u2019ya olan tahribat\u0131n\u0131 tarihsel ger\u00e7eklikten kopmadan, bir piyanistin ba\u015f\u0131ndan ge\u00e7en olaylarla destekleyerek anlatan filmin y\u00f6netmeni Roman Polanski, \u00e7ocukluk hayat\u0131nda filmde ge\u00e7en olaylara \u015fahit olmu\u015ftur. Y\u00f6netmenin \u00e7ile dolu \u00e7ocuklu\u011fu filmin ba\u015far\u0131s\u0131na yans\u0131m\u0131\u015f, Nazi Almanya\u2019s\u0131n\u0131n yapt\u0131\u011f\u0131 ac\u0131 dolu katliam dramatik bir bi\u00e7imde seyircinin \u00f6n\u00fcne konmu\u015ftur.<\/p>\n<p>Filmin konusu, ger\u00e7ekte Polonyal\u0131 piyanist <a href=\"https:\/\/tr.wikipedia.org\/wiki\/W%C5%82adys%C5%82aw_Szpilman\" target=\"_blank\" rel=\"noopener\">Wladlyslaw Spilzman<\/a>\u2019\u0131n ya\u015fad\u0131klar\u0131ndan ve ya\u015fad\u0131klar\u0131n\u0131 anlatt\u0131\u011f\u0131 kitaptan esinlenilerek ortaya \u00e7\u0131km\u0131\u015ft\u0131r. Wladlyslaw Spilzman, film hen\u00fcz yap\u0131m a\u015famas\u0131ndayken hayata veda etmi\u015ftir. Filmin ayn\u0131 zamanda yap\u0131mc\u0131l\u0131\u011f\u0131n\u0131 \u00fcstlenen Roman Polanski\u2019nin \u00e7ekim an\u0131nda ara ara kendi \u00e7ocuklu\u011funda ya\u015fad\u0131\u011f\u0131 trajik olaylardan etkilenerek senaryoya katk\u0131da bulundu\u011fu s\u00f6ylenir. Bir di\u011fer s\u00f6ylentiye g\u00f6re film \u00e7ekiminde Roman Polanski, filmin \u00e7ekildi\u011fi yerde ya\u015fl\u0131 bir adamla tan\u0131\u015f\u0131r ve bu adam\u0131n Polanski\u2019nin ailesini sava\u015f d\u00f6neminde kurtard\u0131\u011f\u0131n\u0131 \u00f6\u011frenir.<\/p>\n<p><iframe loading=\"lazy\" title=\"The Pianist (2002) Official Trailer - Adrien Brody Movie\" width=\"1200\" height=\"675\" src=\"https:\/\/www.youtube.com\/embed\/BFwGqLa_oAo?feature=oembed\" frameborder=\"0\" allow=\"accelerometer; autoplay; clipboard-write; encrypted-media; gyroscope; picture-in-picture\" allowfullscreen><\/iframe><\/p>\n<h3><span class=\"ez-toc-section\" id=\"Adrian_Brody\"><\/span>Adrian Brody<span class=\"ez-toc-section-end\"><\/span><\/h3>\n<p>Filmin ba\u015frol\u00fcnde yer alan Adrian Brody, ger\u00e7ek hayattaki \u00fcnl\u00fc piyanist Wladlyslaw Spilzman\u2019\u0131 canland\u0131rmaktad\u0131r. Bu rol i\u00e7in filmin yap\u0131m a\u015famas\u0131 \u00f6ncesinde 1.400\u2019den fazla oyuncu rol i\u00e7in \u00e7a\u011fr\u0131lm\u0131\u015ft\u0131r. En sonunda Adrian Brody\u2019nin bu rol i\u00e7in uygun oldu\u011funa karar verilmi\u015ftir. Filmin \u00fcst\u00fcn ba\u015far\u0131s\u0131ndan sonra Adrian Brody 29 ya\u015f\u0131ndayken, En \u0130yi Erkek Oyuncu Oscar\u2019\u0131 kazanarak bu \u00f6d\u00fcl\u00fc alan en gen\u00e7 oyuncu olarak tarihe ge\u00e7erek kariyerinde s\u00fckse yapm\u0131\u015ft\u0131r.<\/p>\n<h2><span class=\"ez-toc-section\" id=\"Filmin_Aldigi_Diger_Oduller\"><\/span>Filmin Ald\u0131\u011f\u0131 Di\u011fer \u00d6d\u00fcller<span class=\"ez-toc-section-end\"><\/span><\/h2>\n<ul>\n<li>\u00a02002 \u2013 En \u0130yi Uyarlama Senaryo Akademi \u00d6d\u00fcl\u00fc<\/li>\n<li>\u00a02002 \u2013 Cannes Film Festivali B\u00fcy\u00fck \u00d6d\u00fcl\u00fc<\/li>\n<li>\u00a02002 \u2013 En \u0130yi Y\u00f6netmen Akademi \u00d6d\u00fcl\u00fc<\/li>\n<li>\u00a02002 \u2013 En \u0130yi Uyarlama Senaryo Akademi \u00d6d\u00fcl\u00fc<\/li>\n<\/ul>\n<h2><span class=\"ez-toc-section\" id=\"Piyanist_Nerede_Cekildi\"><\/span>Piyanist Nerede \u00c7ekildi?<span class=\"ez-toc-section-end\"><\/span><\/h2>\n<p>Filmin baz\u0131 b\u00f6l\u00fcmlerinin, milyonlarca insan\u0131n ac\u0131mas\u0131zca katledildi\u011fi Nazi toplama kamplar\u0131ndan biri olan Auscwithz\u2019de \u00e7ekildi\u011fi bilinmektedir. Aslen Polonya\u2019n\u0131n Krakow \u015fehrinde bulunan toplama kamp\u0131, bug\u00fcn bir devlet m\u00fczesi olarak kullan\u0131lmaktad\u0131r. Krakow \u015fehrine 70 km uzakl\u0131kta bulunan Oswiecim Kasabas\u0131\u2019nda bulunan m\u00fczede h\u00e2l\u00e2 2.D\u00fcnya Sava\u015f\u0131\u2019n\u0131n kahredici izlerini g\u00f6rebilmek m\u00fcmk\u00fcn.<\/p>\n<p>Auscwithz, di\u011fer toplama kamplar\u0131ndan en b\u00fcy\u00fc\u011f\u00fcd\u00fcr. Piyanist filminin baz\u0131 sahnelerinde g\u00f6sterildi\u011fi gibi kamp\u0131n \u00e7o\u011funlu\u011funun Yahudilerden oldu\u011fu bilinmektedir. Burada insanlar \u00e7ok a\u011f\u0131r \u015fartlar alt\u0131nda g\u00fcnde en az 10 saat ac\u0131mas\u0131zca \u00e7al\u0131\u015ft\u0131r\u0131lm\u0131\u015ft\u0131r. Bu kamplar\u0131n toplanma ama\u00e7lar\u0131ndan biri olan Yahudileri sistematik olarak \u00f6ld\u00fcrme ve imha etme iste\u011fi, y\u0131llar ge\u00e7se de zihinlerden silinmeyecek bir insan katliam\u0131na sebep olmu\u015ftur. 1,1 milyon insan\u0131n \u00f6ld\u00fcr\u00fcld\u00fc\u011f\u00fc tahmin edilen Auschwitz\u2019de bug\u00fcn h\u00e2l\u00e2 \u00e7e\u015fitli i\u015fkence ve gaz odalar\u0131n\u0131n kal\u0131nt\u0131lar\u0131na rastlayabilmekteyiz.<\/p>\n<p>&nbsp;<\/p>\n<figure id=\"attachment_10222\" aria-describedby=\"caption-attachment-10222\" style=\"width: 790px\" class=\"wp-caption alignnone\"><img loading=\"lazy\" decoding=\"async\" class=\"size-full wp-image-10222\" title=\"birkanau\" src=\"https:\/\/petinya.org\/blog\/wp-content\/uploads\/2022\/07\/birkanau.jpg\" alt=\"birkanau\" width=\"800\" height=\"600\" srcset=\"https:\/\/petinya.org\/blog\/wp-content\/uploads\/2022\/07\/birkanau.jpg 800w, https:\/\/petinya.org\/blog\/wp-content\/uploads\/2022\/07\/birkanau-768x576.jpg 768w\" sizes=\"auto, (max-width: 800px) 100vw, 800px\" \/><figcaption id=\"caption-attachment-10222\" class=\"wp-caption-text\">birkanau<\/figcaption><\/figure>\n<p>&nbsp;<\/p>\n<p><strong>Piyanist<\/strong> filminde i\u015flendi\u011fi gibi, kampa zorla getirilen baz\u0131 insanlar ay\u0131klanarak \u00f6ld\u00fcr\u00fcl\u00fcyordu. Kalanlar ise a\u011f\u0131r \u015fartlar alt\u0131nda \u00e7al\u0131\u015ft\u0131r\u0131larak ortalama 6 ay i\u00e7inde hastal\u0131k, k\u00f6t\u00fc muamele, eksik beslenme gibi nedenlerden \u00f6lm\u00fc\u015flerdir.<\/p>\n<p><strong>1979 y\u0131l\u0131nda Auschwitz UNESCO taraf\u0131ndan D\u00fcnya K\u00fclt\u00fcr Miras\u0131 Listesi\u2019ne eklenmi\u015ftir.<\/strong><\/p>\n<p><strong>Piyanist Nerede \u00c7ekildi<\/strong> adl\u0131 yaz\u0131m\u0131z\u0131 okuduysan\u0131z a\u015fa\u011f\u0131daki \u00f6nerilen yaz\u0131m\u0131za da g\u00f6z atabilirsiniz.\u00a0 <a href=\"https:\/\/petinya.org\/blog\/en-iyi-kisisel-gelisim-kitaplari\/\">En \u0130yi Ki\u015fisel Geli\u015fim Kitaplar\u0131<\/a><\/p>\n<p>&nbsp;<\/p>\n<div id=\"ez-toc-container\" class=\"ez-toc-v2_0_82_2 counter-hierarchy ez-toc-counter ez-toc-grey ez-toc-container-direction\">\n<div class=\"ez-toc-title-container\">\n<p class=\"ez-toc-title\" style=\"cursor:inherit\">\u0130\u00e7indekiler<\/p>\n<span class=\"ez-toc-title-toggle\"><a href=\"#\" class=\"ez-toc-pull-right ez-toc-btn ez-toc-btn-xs ez-toc-btn-default ez-toc-toggle\" aria-label=\"\u0130\u00e7indekiler Tablosunu A\u00e7\/Kapat\"><span class=\"ez-toc-js-icon-con\"><span class=\"\"><span class=\"eztoc-hide\" style=\"display:none;\">Toggle<\/span><span class=\"ez-toc-icon-toggle-span\"><svg style=\"fill: #999;color:#999\" xmlns=\"http:\/\/www.w3.org\/2000\/svg\" class=\"list-377408\" width=\"20px\" height=\"20px\" viewBox=\"0 0 24 24\" fill=\"none\"><path d=\"M6 6H4v2h2V6zm14 0H8v2h12V6zM4 11h2v2H4v-2zm16 0H8v2h12v-2zM4 16h2v2H4v-2zm16 0H8v2h12v-2z\" fill=\"currentColor\"><\/path><\/svg><svg style=\"fill: #999;color:#999\" class=\"arrow-unsorted-368013\" xmlns=\"http:\/\/www.w3.org\/2000\/svg\" width=\"10px\" height=\"10px\" viewBox=\"0 0 24 24\" version=\"1.2\" baseProfile=\"tiny\"><path d=\"M18.2 9.3l-6.2-6.3-6.2 6.3c-.2.2-.3.4-.3.7s.1.5.3.7c.2.2.4.3.7.3h11c.3 0 .5-.1.7-.3.2-.2.3-.5.3-.7s-.1-.5-.3-.7zM5.8 14.7l6.2 6.3 6.2-6.3c.2-.2.3-.5.3-.7s-.1-.5-.3-.7c-.2-.2-.4-.3-.7-.3h-11c-.3 0-.5.1-.7.3-.2.2-.3.5-.3.7s.1.5.3.7z\"\/><\/svg><\/span><\/span><\/span><\/a><\/span><\/div>\n<nav><ul class='ez-toc-list ez-toc-list-level-1 eztoc-toggle-hide-by-default' ><li class='ez-toc-page-1 ez-toc-heading-level-2'><a class=\"ez-toc-link ez-toc-heading-1\" href=\"https:\/\/petinya.org\/blog\/piyanist-nerede-cekildi\/#Film_Ne_Anlatiyor\" >Film Ne Anlat\u0131yor?<\/a><ul class='ez-toc-list-level-3' ><li class='ez-toc-heading-level-3'><a class=\"ez-toc-link ez-toc-heading-2\" href=\"https:\/\/petinya.org\/blog\/piyanist-nerede-cekildi\/#Adrian_Brody\" >Adrian Brody<\/a><\/li><\/ul><\/li><li class='ez-toc-page-1 ez-toc-heading-level-2'><a class=\"ez-toc-link ez-toc-heading-3\" href=\"https:\/\/petinya.org\/blog\/piyanist-nerede-cekildi\/#Filmin_Aldigi_Diger_Oduller\" >Filmin Ald\u0131\u011f\u0131 Di\u011fer \u00d6d\u00fcller<\/a><\/li><li class='ez-toc-page-1 ez-toc-heading-level-2'><a class=\"ez-toc-link ez-toc-heading-4\" href=\"https:\/\/petinya.org\/blog\/piyanist-nerede-cekildi\/#Piyanist_Nerede_Cekildi\" >Piyanist Nerede \u00c7ekildi?<\/a><\/li><\/ul><\/nav><\/div>\n","protected":false},"excerpt":{"rendered":"<p>Ronald Harwood\u2019un kaleminden yaz\u0131lan 2002 yap\u0131m\u0131 Piyanist nerede \u00e7ekildi?Dram dolu filmde neler anlat\u0131l\u0131yor.\u0130\u015fte detaylar&#8230; 150 dakikal\u0131k Piyanist filminin b\u00fct\u00e7esi 35 milyonken, ortaya \u00e7\u0131kan has\u0131lat 120.072.577\u2019dir.Biyograf\u0131, dram ve sava\u015f t\u00fcrlerinde izleyicisiyle bulu\u015fan filmin yap\u0131m\u0131nda &#8230; <\/p>\n<p class=\"read-more-container\"><a title=\"Piyanist Nerede \u00c7ekildi ve Filmin Konusu Ne? (2002)\" class=\"read-more button\" href=\"https:\/\/petinya.org\/blog\/piyanist-nerede-cekildi\/#more-10221\" aria-label=\"Read more about Piyanist Nerede \u00c7ekildi ve Filmin Konusu Ne? (2002)\">Devam\u0131n\u0131 Oku<\/a><\/p>\n","protected":false},"author":1,"featured_media":10226,"comment_status":"closed","ping_status":"closed","sticky":false,"template":"","format":"standard","meta":{"footnotes":""},"categories":[1],"tags":[],"class_list":["post-10221","post","type-post","status-publish","format-standard","has-post-thumbnail","hentry","category-genel","resize-featured-image"],"views":249,"_links":{"self":[{"href":"https:\/\/petinya.org\/blog\/wp-json\/wp\/v2\/posts\/10221","targetHints":{"allow":["GET"]}}],"collection":[{"href":"https:\/\/petinya.org\/blog\/wp-json\/wp\/v2\/posts"}],"about":[{"href":"https:\/\/petinya.org\/blog\/wp-json\/wp\/v2\/types\/post"}],"author":[{"embeddable":true,"href":"https:\/\/petinya.org\/blog\/wp-json\/wp\/v2\/users\/1"}],"replies":[{"embeddable":true,"href":"https:\/\/petinya.org\/blog\/wp-json\/wp\/v2\/comments?post=10221"}],"version-history":[{"count":0,"href":"https:\/\/petinya.org\/blog\/wp-json\/wp\/v2\/posts\/10221\/revisions"}],"wp:featuredmedia":[{"embeddable":true,"href":"https:\/\/petinya.org\/blog\/wp-json\/wp\/v2\/media\/10226"}],"wp:attachment":[{"href":"https:\/\/petinya.org\/blog\/wp-json\/wp\/v2\/media?parent=10221"}],"wp:term":[{"taxonomy":"category","embeddable":true,"href":"https:\/\/petinya.org\/blog\/wp-json\/wp\/v2\/categories?post=10221"},{"taxonomy":"post_tag","embeddable":true,"href":"https:\/\/petinya.org\/blog\/wp-json\/wp\/v2\/tags?post=10221"}],"curies":[{"name":"wp","href":"https:\/\/api.w.org\/{rel}","templated":true}]}}